{"id":5392,"date":"2026-09-01T12:49:27","date_gmt":"2026-09-01T10:49:27","guid":{"rendered":"https:\/\/cjnrb.fr\/cjnrb_fr\/?p=5392"},"modified":"2026-09-01T12:50:18","modified_gmt":"2026-09-01T10:50:18","slug":"delegation-a-godella-aout-2026-20-ans-de-jumelage","status":"publish","type":"post","link":"https:\/\/cjnrb.fr\/cjnrb_fr\/delegation-a-godella-aout-2026-20-ans-de-jumelage\/","title":{"rendered":"D\u00e9l\u00e9gation \u00e0 Godella &#8211; Ao\u00fbt 2026 &#8211; 20 ans de jumelage"},"content":{"rendered":"<blockquote><p>Signature des maires<\/p>\n<p><span style=\"color: #000000;\">Une d\u00e9l\u00e9gation officielle s&rsquo;est rendue\u00a0du 21 au 25 ao\u00fbt \u00e0 Godella pour participer aux f\u00eates de la ville et signer un renouvellement d&rsquo;engagement de notre jumelage.<\/span><\/p>\n<p><span style=\"color: #000000;\">En d\u00e9pit de la chaleur,\u00a0les Maires Christophe Molinski et St\u00e9phane\u00a0Gaultier, accompagn\u00e9s d&rsquo;adjoints ont d\u00e9couvert cette belle ville et ont pu partager des moments\u00a0de c\u00e9r\u00e9monie et de\u00a0convivialit\u00e9 avec les membres de la ville de Godella\u00a0et de la d\u00e9l\u00e9gation fran\u00e7aise les ayant accompagn\u00e9s.<\/span><\/p>\n<p><span style=\"color: #000000;\">Pleins de projets se profilent: sports, danse, \u00e9changes scolaires, f\u00eates, &#8230; que nous esp\u00e9rons pouvoir r\u00e9aliser rapidement<\/span><\/p>\n<p><img loading=\"lazy\" class=\"alignnone size-medium wp-image-5396\" src=\"https:\/\/cjnrb.fr\/cjnrb_fr\/wp-content\/uploads\/2026\/09\/20260823_112058-225x300.jpg\" alt=\"\" width=\"225\" height=\"300\" srcset=\"https:\/\/cjnrb.fr\/cjnrb_fr\/wp-content\/uploads\/2026\/09\/20260823_112058-225x300.jpg 225w, https:\/\/cjnrb.fr\/cjnrb_fr\/wp-content\/uploads\/2026\/09\/20260823_112058-773x1030.jpg 773w, https:\/\/cjnrb.fr\/cjnrb_fr\/wp-content\/uploads\/2026\/09\/20260823_112058-768x1024.jpg 768w, https:\/\/cjnrb.fr\/cjnrb_fr\/wp-content\/uploads\/2026\/09\/20260823_112058-1152x1536.jpg 1152w, https:\/\/cjnrb.fr\/cjnrb_fr\/wp-content\/uploads\/2026\/09\/20260823_112058-1536x2048.jpg 1536w, https:\/\/cjnrb.fr\/cjnrb_fr\/wp-content\/uploads\/2026\/09\/20260823_112058-1125x1500.jpg 1125w, https:\/\/cjnrb.fr\/cjnrb_fr\/wp-content\/uploads\/2026\/09\/20260823_112058-529x705.jpg 529w, https:\/\/cjnrb.fr\/cjnrb_fr\/wp-content\/uploads\/2026\/09\/20260823_112058-450x600.jpg 450w, https:\/\/cjnrb.fr\/cjnrb_fr\/wp-content\/uploads\/2026\/09\/20260823_112058-scaled.jpg 1920w\" sizes=\"(max-width: 225px) 100vw, 225px\" \/> <img loading=\"lazy\" class=\"alignnone size-medium wp-image-5397\" src=\"https:\/\/cjnrb.fr\/cjnrb_fr\/wp-content\/uploads\/2026\/09\/IMG-20260824-WA0127-169x300.jpg\" alt=\"\" width=\"169\" height=\"300\" srcset=\"https:\/\/cjnrb.fr\/cjnrb_fr\/wp-content\/uploads\/2026\/09\/IMG-20260824-WA0127-169x300.jpg 169w, https:\/\/cjnrb.fr\/cjnrb_fr\/wp-content\/uploads\/2026\/09\/IMG-20260824-WA0127-579x1030.jpg 579w, https:\/\/cjnrb.fr\/cjnrb_fr\/wp-content\/uploads\/2026\/09\/IMG-20260824-WA0127-768x1365.jpg 768w, https:\/\/cjnrb.fr\/cjnrb_fr\/wp-content\/uploads\/2026\/09\/IMG-20260824-WA0127-864x1536.jpg 864w, https:\/\/cjnrb.fr\/cjnrb_fr\/wp-content\/uploads\/2026\/09\/IMG-20260824-WA0127-844x1500.jpg 844w, https:\/\/cjnrb.fr\/cjnrb_fr\/wp-content\/uploads\/2026\/09\/IMG-20260824-WA0127-397x705.jpg 397w, https:\/\/cjnrb.fr\/cjnrb_fr\/wp-content\/uploads\/2026\/09\/IMG-20260824-WA0127-450x800.jpg 450w, https:\/\/cjnrb.fr\/cjnrb_fr\/wp-content\/uploads\/2026\/09\/IMG-20260824-WA0127.jpg 900w\" sizes=\"(max-width: 169px) 100vw, 169px\" \/> <img loading=\"lazy\" class=\"alignnone size-medium wp-image-5395\" src=\"https:\/\/cjnrb.fr\/cjnrb_fr\/wp-content\/uploads\/2026\/09\/IMG-20260825-WA0029-169x300.jpg\" alt=\"\" width=\"169\" height=\"300\" srcset=\"https:\/\/cjnrb.fr\/cjnrb_fr\/wp-content\/uploads\/2026\/09\/IMG-20260825-WA0029-169x300.jpg 169w, https:\/\/cjnrb.fr\/cjnrb_fr\/wp-content\/uploads\/2026\/09\/IMG-20260825-WA0029-579x1030.jpg 579w, https:\/\/cjnrb.fr\/cjnrb_fr\/wp-content\/uploads\/2026\/09\/IMG-20260825-WA0029-768x1365.jpg 768w, https:\/\/cjnrb.fr\/cjnrb_fr\/wp-content\/uploads\/2026\/09\/IMG-20260825-WA0029-864x1536.jpg 864w, https:\/\/cjnrb.fr\/cjnrb_fr\/wp-content\/uploads\/2026\/09\/IMG-20260825-WA0029-844x1500.jpg 844w, https:\/\/cjnrb.fr\/cjnrb_fr\/wp-content\/uploads\/2026\/09\/IMG-20260825-WA0029-397x705.jpg 397w, https:\/\/cjnrb.fr\/cjnrb_fr\/wp-content\/uploads\/2026\/09\/IMG-20260825-WA0029-450x800.jpg 450w, https:\/\/cjnrb.fr\/cjnrb_fr\/wp-content\/uploads\/2026\/09\/IMG-20260825-WA0029.jpg 1152w\" sizes=\"(max-width: 169px) 100vw, 169px\" \/> <img loading=\"lazy\" class=\"alignnone size-medium wp-image-5394\" src=\"https:\/\/cjnrb.fr\/cjnrb_fr\/wp-content\/uploads\/2026\/09\/IMG-20260824-WA0090-300x169.jpg\" alt=\"\" width=\"300\" height=\"169\" srcset=\"https:\/\/cjnrb.fr\/cjnrb_fr\/wp-content\/uploads\/2026\/09\/IMG-20260824-WA0090-300x169.jpg 300w, https:\/\/cjnrb.fr\/cjnrb_fr\/wp-content\/uploads\/2026\/09\/IMG-20260824-WA0090-1030x579.jpg 1030w, https:\/\/cjnrb.fr\/cjnrb_fr\/wp-content\/uploads\/2026\/09\/IMG-20260824-WA0090-768x432.jpg 768w, https:\/\/cjnrb.fr\/cjnrb_fr\/wp-content\/uploads\/2026\/09\/IMG-20260824-WA0090-1536x864.jpg 1536w, https:\/\/cjnrb.fr\/cjnrb_fr\/wp-content\/uploads\/2026\/09\/IMG-20260824-WA0090-1500x844.jpg 1500w, https:\/\/cjnrb.fr\/cjnrb_fr\/wp-content\/uploads\/2026\/09\/IMG-20260824-WA0090-705x397.jpg 705w, https:\/\/cjnrb.fr\/cjnrb_fr\/wp-content\/uploads\/2026\/09\/IMG-20260824-WA0090-450x253.jpg 450w, https:\/\/cjnrb.fr\/cjnrb_fr\/wp-content\/uploads\/2026\/09\/IMG-20260824-WA0090.jpg 2048w\" sizes=\"(max-width: 300px) 100vw, 300px\" \/><\/p><\/blockquote>\n","protected":false},"excerpt":{"rendered":"<p>Signature des maires Une d\u00e9l\u00e9gation officielle s&rsquo;est rendue\u00a0du 21 au 25 ao\u00fbt \u00e0 Godella pour participer aux f\u00eates de la ville et signer un renouvellement d&rsquo;engagement de notre jumelage. En d\u00e9pit de la chaleur,\u00a0les Maires Christophe Molinski et St\u00e9phane\u00a0Gaultier, accompagn\u00e9s d&rsquo;adjoints ont d\u00e9couvert cette belle ville et ont pu partager des moments\u00a0de c\u00e9r\u00e9monie et de\u00a0convivialit\u00e9 [&hellip;]<\/p>\n","protected":false},"author":1,"featured_media":5393,"comment_status":"closed","ping_status":"open","sticky":false,"template":"","format":"standard","meta":[],"categories":[17],"tags":[],"yoast_head":"<!-- This site is optimized with the Yoast SEO plugin v18.5.1 - https:\/\/yoast.com\/wordpress\/plugins\/seo\/ -->\n<title>D\u00e9l\u00e9gation \u00e0 Godella - Ao\u00fbt 2026 - 20 ans de jumelage - Jumelage Noisy le Roi \/ Bailly<\/title>\n<meta name=\"robots\" content=\"index, follow, max-snippet:-1, max-image-preview:large, max-video-preview:-1\" \/>\n<link rel=\"canonical\" href=\"https:\/\/cjnrb.fr\/cjnrb_fr\/delegation-a-godella-aout-2026-20-ans-de-jumelage\/\" \/>\n<meta property=\"og:locale\" content=\"fr_FR\" \/>\n<meta property=\"og:type\" content=\"article\" \/>\n<meta property=\"og:title\" content=\"D\u00e9l\u00e9gation \u00e0 Godella - Ao\u00fbt 2026 - 20 ans de jumelage - Jumelage Noisy le Roi \/ Bailly\" \/>\n<meta property=\"og:description\" content=\"Signature des maires Une d\u00e9l\u00e9gation officielle s&rsquo;est rendue\u00a0du 21 au 25 ao\u00fbt \u00e0 Godella pour participer aux f\u00eates de la ville et signer un renouvellement d&rsquo;engagement de notre jumelage. En d\u00e9pit de la chaleur,\u00a0les Maires Christophe Molinski et St\u00e9phane\u00a0Gaultier, accompagn\u00e9s d&rsquo;adjoints ont d\u00e9couvert cette belle ville et ont pu partager des moments\u00a0de c\u00e9r\u00e9monie et de\u00a0convivialit\u00e9 [&hellip;]\" \/>\n<meta property=\"og:url\" content=\"https:\/\/cjnrb.fr\/cjnrb_fr\/delegation-a-godella-aout-2026-20-ans-de-jumelage\/\" \/>\n<meta property=\"og:site_name\" content=\"Jumelage Noisy le Roi \/ Bailly\" \/>\n<meta property=\"article:published_time\" content=\"2026-09-01T10:49:27+00:00\" \/>\n<meta property=\"article:modified_time\" content=\"2026-09-01T10:50:18+00:00\" \/>\n<meta property=\"og:image\" content=\"https:\/\/cjnrb.fr\/cjnrb_fr\/wp-content\/uploads\/2026\/09\/motion_photo_6287736375780730259.jpg\" \/>\n\t<meta property=\"og:image:width\" content=\"2048\" \/>\n\t<meta property=\"og:image:height\" content=\"1536\" \/>\n\t<meta property=\"og:image:type\" content=\"image\/jpeg\" \/>\n<meta name=\"twitter:card\" content=\"summary_large_image\" \/>\n<meta name=\"twitter:label1\" content=\"\u00c9crit par\" \/>\n\t<meta name=\"twitter:data1\" content=\"francois\" \/>\n\t<meta name=\"twitter:label2\" content=\"Dur\u00e9e de lecture estim\u00e9e\" \/>\n\t<meta name=\"twitter:data2\" content=\"1 minute\" \/>\n<script type=\"application\/ld+json\" class=\"yoast-schema-graph\">{\"@context\":\"https:\/\/schema.org\",\"@graph\":[{\"@type\":\"WebSite\",\"@id\":\"https:\/\/cjnrb.fr\/cjnrb_fr\/#website\",\"url\":\"https:\/\/cjnrb.fr\/cjnrb_fr\/\",\"name\":\"Jumelage Noisy le Roi \/ Bailly\",\"description\":\"\u00e9changes dans les domaines scolaires, culturels, sportifs, \u00e9conomiques et environnementaux avec les villes d\u2019Albion (USA) et Godella (Espagne) \",\"potentialAction\":[{\"@type\":\"SearchAction\",\"target\":{\"@type\":\"EntryPoint\",\"urlTemplate\":\"https:\/\/cjnrb.fr\/cjnrb_fr\/?s={search_term_string}\"},\"query-input\":\"required name=search_term_string\"}],\"inLanguage\":\"fr-FR\"},{\"@type\":\"ImageObject\",\"@id\":\"https:\/\/cjnrb.fr\/cjnrb_fr\/delegation-a-godella-aout-2026-20-ans-de-jumelage\/#primaryimage\",\"inLanguage\":\"fr-FR\",\"url\":\"https:\/\/cjnrb.fr\/cjnrb_fr\/wp-content\/uploads\/2026\/09\/motion_photo_6287736375780730259.jpg\",\"contentUrl\":\"https:\/\/cjnrb.fr\/cjnrb_fr\/wp-content\/uploads\/2026\/09\/motion_photo_6287736375780730259.jpg\",\"width\":2048,\"height\":1536},{\"@type\":\"WebPage\",\"@id\":\"https:\/\/cjnrb.fr\/cjnrb_fr\/delegation-a-godella-aout-2026-20-ans-de-jumelage\/#webpage\",\"url\":\"https:\/\/cjnrb.fr\/cjnrb_fr\/delegation-a-godella-aout-2026-20-ans-de-jumelage\/\",\"name\":\"D\u00e9l\u00e9gation \u00e0 Godella - Ao\u00fbt 2026 - 20 ans de jumelage - Jumelage Noisy le Roi \/ Bailly\",\"isPartOf\":{\"@id\":\"https:\/\/cjnrb.fr\/cjnrb_fr\/#website\"},\"primaryImageOfPage\":{\"@id\":\"https:\/\/cjnrb.fr\/cjnrb_fr\/delegation-a-godella-aout-2026-20-ans-de-jumelage\/#primaryimage\"},\"datePublished\":\"2026-09-01T10:49:27+00:00\",\"dateModified\":\"2026-09-01T10:50:18+00:00\",\"author\":{\"@id\":\"https:\/\/cjnrb.fr\/cjnrb_fr\/#\/schema\/person\/1d7e5959ede7cd403648c23fbf7a224c\"},\"breadcrumb\":{\"@id\":\"https:\/\/cjnrb.fr\/cjnrb_fr\/delegation-a-godella-aout-2026-20-ans-de-jumelage\/#breadcrumb\"},\"inLanguage\":\"fr-FR\",\"potentialAction\":[{\"@type\":\"ReadAction\",\"target\":[\"https:\/\/cjnrb.fr\/cjnrb_fr\/delegation-a-godella-aout-2026-20-ans-de-jumelage\/\"]}]},{\"@type\":\"BreadcrumbList\",\"@id\":\"https:\/\/cjnrb.fr\/cjnrb_fr\/delegation-a-godella-aout-2026-20-ans-de-jumelage\/#breadcrumb\",\"itemListElement\":[{\"@type\":\"ListItem\",\"position\":1,\"name\":\"Accueil\",\"item\":\"https:\/\/cjnrb.fr\/cjnrb_fr\/\"},{\"@type\":\"ListItem\",\"position\":2,\"name\":\"D\u00e9l\u00e9gation \u00e0 Godella &#8211; Ao\u00fbt 2026 &#8211; 20 ans de jumelage\"}]},{\"@type\":\"Person\",\"@id\":\"https:\/\/cjnrb.fr\/cjnrb_fr\/#\/schema\/person\/1d7e5959ede7cd403648c23fbf7a224c\",\"name\":\"francois\",\"image\":{\"@type\":\"ImageObject\",\"@id\":\"https:\/\/cjnrb.fr\/cjnrb_fr\/#personlogo\",\"inLanguage\":\"fr-FR\",\"url\":\"https:\/\/secure.gravatar.com\/avatar\/89e31bd17b28c77cebe20b6999903d3a?s=96&d=mm&r=g\",\"contentUrl\":\"https:\/\/secure.gravatar.com\/avatar\/89e31bd17b28c77cebe20b6999903d3a?s=96&d=mm&r=g\",\"caption\":\"francois\"},\"url\":\"https:\/\/cjnrb.fr\/cjnrb_fr\/author\/francois\/\"}]}<\/script>\n<!-- \/ Yoast SEO plugin. -->","yoast_head_json":{"title":"D\u00e9l\u00e9gation \u00e0 Godella - Ao\u00fbt 2026 - 20 ans de jumelage - Jumelage Noisy le Roi \/ Bailly","robots":{"index":"index","follow":"follow","max-snippet":"max-snippet:-1","max-image-preview":"max-image-preview:large","max-video-preview":"max-video-preview:-1"},"canonical":"https:\/\/cjnrb.fr\/cjnrb_fr\/delegation-a-godella-aout-2026-20-ans-de-jumelage\/","og_locale":"fr_FR","og_type":"article","og_title":"D\u00e9l\u00e9gation \u00e0 Godella - Ao\u00fbt 2026 - 20 ans de jumelage - Jumelage Noisy le Roi \/ Bailly","og_description":"Signature des maires Une d\u00e9l\u00e9gation officielle s&rsquo;est rendue\u00a0du 21 au 25 ao\u00fbt \u00e0 Godella pour participer aux f\u00eates de la ville et signer un renouvellement d&rsquo;engagement de notre jumelage. En d\u00e9pit de la chaleur,\u00a0les Maires Christophe Molinski et St\u00e9phane\u00a0Gaultier, accompagn\u00e9s d&rsquo;adjoints ont d\u00e9couvert cette belle ville et ont pu partager des moments\u00a0de c\u00e9r\u00e9monie et de\u00a0convivialit\u00e9 [&hellip;]","og_url":"https:\/\/cjnrb.fr\/cjnrb_fr\/delegation-a-godella-aout-2026-20-ans-de-jumelage\/","og_site_name":"Jumelage Noisy le Roi \/ Bailly","article_published_time":"2026-09-01T10:49:27+00:00","article_modified_time":"2026-09-01T10:50:18+00:00","og_image":[{"width":2048,"height":1536,"url":"https:\/\/cjnrb.fr\/cjnrb_fr\/wp-content\/uploads\/2026\/09\/motion_photo_6287736375780730259.jpg","type":"image\/jpeg"}],"twitter_card":"summary_large_image","twitter_misc":{"\u00c9crit par":"francois","Dur\u00e9e de lecture estim\u00e9e":"1 minute"},"schema":{"@context":"https:\/\/schema.org","@graph":[{"@type":"WebSite","@id":"https:\/\/cjnrb.fr\/cjnrb_fr\/#website","url":"https:\/\/cjnrb.fr\/cjnrb_fr\/","name":"Jumelage Noisy le Roi \/ Bailly","description":"\u00e9changes dans les domaines scolaires, culturels, sportifs, \u00e9conomiques et environnementaux avec les villes d\u2019Albion (USA) et Godella (Espagne) ","potentialAction":[{"@type":"SearchAction","target":{"@type":"EntryPoint","urlTemplate":"https:\/\/cjnrb.fr\/cjnrb_fr\/?s={search_term_string}"},"query-input":"required name=search_term_string"}],"inLanguage":"fr-FR"},{"@type":"ImageObject","@id":"https:\/\/cjnrb.fr\/cjnrb_fr\/delegation-a-godella-aout-2026-20-ans-de-jumelage\/#primaryimage","inLanguage":"fr-FR","url":"https:\/\/cjnrb.fr\/cjnrb_fr\/wp-content\/uploads\/2026\/09\/motion_photo_6287736375780730259.jpg","contentUrl":"https:\/\/cjnrb.fr\/cjnrb_fr\/wp-content\/uploads\/2026\/09\/motion_photo_6287736375780730259.jpg","width":2048,"height":1536},{"@type":"WebPage","@id":"https:\/\/cjnrb.fr\/cjnrb_fr\/delegation-a-godella-aout-2026-20-ans-de-jumelage\/#webpage","url":"https:\/\/cjnrb.fr\/cjnrb_fr\/delegation-a-godella-aout-2026-20-ans-de-jumelage\/","name":"D\u00e9l\u00e9gation \u00e0 Godella - Ao\u00fbt 2026 - 20 ans de jumelage - Jumelage Noisy le Roi \/ Bailly","isPartOf":{"@id":"https:\/\/cjnrb.fr\/cjnrb_fr\/#website"},"primaryImageOfPage":{"@id":"https:\/\/cjnrb.fr\/cjnrb_fr\/delegation-a-godella-aout-2026-20-ans-de-jumelage\/#primaryimage"},"datePublished":"2026-09-01T10:49:27+00:00","dateModified":"2026-09-01T10:50:18+00:00","author":{"@id":"https:\/\/cjnrb.fr\/cjnrb_fr\/#\/schema\/person\/1d7e5959ede7cd403648c23fbf7a224c"},"breadcrumb":{"@id":"https:\/\/cjnrb.fr\/cjnrb_fr\/delegation-a-godella-aout-2026-20-ans-de-jumelage\/#breadcrumb"},"inLanguage":"fr-FR","potentialAction":[{"@type":"ReadAction","target":["https:\/\/cjnrb.fr\/cjnrb_fr\/delegation-a-godella-aout-2026-20-ans-de-jumelage\/"]}]},{"@type":"BreadcrumbList","@id":"https:\/\/cjnrb.fr\/cjnrb_fr\/delegation-a-godella-aout-2026-20-ans-de-jumelage\/#breadcrumb","itemListElement":[{"@type":"ListItem","position":1,"name":"Accueil","item":"https:\/\/cjnrb.fr\/cjnrb_fr\/"},{"@type":"ListItem","position":2,"name":"D\u00e9l\u00e9gation \u00e0 Godella &#8211; Ao\u00fbt 2026 &#8211; 20 ans de jumelage"}]},{"@type":"Person","@id":"https:\/\/cjnrb.fr\/cjnrb_fr\/#\/schema\/person\/1d7e5959ede7cd403648c23fbf7a224c","name":"francois","image":{"@type":"ImageObject","@id":"https:\/\/cjnrb.fr\/cjnrb_fr\/#personlogo","inLanguage":"fr-FR","url":"https:\/\/secure.gravatar.com\/avatar\/89e31bd17b28c77cebe20b6999903d3a?s=96&d=mm&r=g","contentUrl":"https:\/\/secure.gravatar.com\/avatar\/89e31bd17b28c77cebe20b6999903d3a?s=96&d=mm&r=g","caption":"francois"},"url":"https:\/\/cjnrb.fr\/cjnrb_fr\/author\/francois\/"}]}},"_links":{"self":[{"href":"https:\/\/cjnrb.fr\/cjnrb_fr\/wp-json\/wp\/v2\/posts\/5392"}],"collection":[{"href":"https:\/\/cjnrb.fr\/cjnrb_fr\/wp-json\/wp\/v2\/posts"}],"about":[{"href":"https:\/\/cjnrb.fr\/cjnrb_fr\/wp-json\/wp\/v2\/types\/post"}],"author":[{"embeddable":true,"href":"https:\/\/cjnrb.fr\/cjnrb_fr\/wp-json\/wp\/v2\/users\/1"}],"replies":[{"embeddable":true,"href":"https:\/\/cjnrb.fr\/cjnrb_fr\/wp-json\/wp\/v2\/comments?post=5392"}],"version-history":[{"count":3,"href":"https:\/\/cjnrb.fr\/cjnrb_fr\/wp-json\/wp\/v2\/posts\/5392\/revisions"}],"predecessor-version":[{"id":5400,"href":"https:\/\/cjnrb.fr\/cjnrb_fr\/wp-json\/wp\/v2\/posts\/5392\/revisions\/5400"}],"wp:featuredmedia":[{"embeddable":true,"href":"https:\/\/cjnrb.fr\/cjnrb_fr\/wp-json\/wp\/v2\/media\/5393"}],"wp:attachment":[{"href":"https:\/\/cjnrb.fr\/cjnrb_fr\/wp-json\/wp\/v2\/media?parent=5392"}],"wp:term":[{"taxonomy":"category","embeddable":true,"href":"https:\/\/cjnrb.fr\/cjnrb_fr\/wp-json\/wp\/v2\/categories?post=5392"},{"taxonomy":"post_tag","embeddable":true,"href":"https:\/\/cjnrb.fr\/cjnrb_fr\/wp-json\/wp\/v2\/tags?post=5392"}],"curies":[{"name":"wp","href":"https:\/\/api.w.org\/{rel}","templated":true}]}}