{"id":5385,"date":"2026-09-01T10:30:36","date_gmt":"2026-09-01T08:30:36","guid":{"rendered":"https:\/\/cjnrb.fr\/cjnrb_fr\/?p=5385"},"modified":"2026-09-01T10:30:36","modified_gmt":"2026-09-01T08:30:36","slug":"sejour-a-albion-ete-2026","status":"publish","type":"post","link":"https:\/\/cjnrb.fr\/cjnrb_fr\/sejour-a-albion-ete-2026\/","title":{"rendered":"S\u00e9jour \u00e0 Albion &#8211; \u00e9t\u00e9 2026"},"content":{"rendered":"<blockquote><p><strong>Un s\u00e9jour riche en d\u00e9couvertes \u00e0 Albion<\/strong><\/p>\n<p>Nous avons eu la chance de d\u00e9couvrir Albion, dans le Michigan, dans le cadre du jumelage entre nos deux villes. Ce s\u00e9jour, partag\u00e9 par quatre accompagnateurs et sept jeunes, a \u00e9t\u00e9 une exp\u00e9rience particuli\u00e8rement enrichissante, faite de d\u00e9couvertes, de rencontres et de beaux moments de partage.<\/p>\n<p>Nous avons \u00e9t\u00e9 accueillis avec beaucoup de chaleur et de g\u00e9n\u00e9rosit\u00e9 par les habitants d\u2019Albion et nos familles d\u2019accueil, qui nous ont fait sentir comme chez nous. Entre kayak, peinture, sport, visite du zoo et d\u2019un parc d\u2019attractions, et m\u00eame un match de baseball, les activit\u00e9s n\u2019ont pas manqu\u00e9 !<\/p>\n<p>Nous revenons de ce voyage avec de tr\u00e8s beaux souvenirs et sommes profond\u00e9ment reconnaissants d\u2019avoir pu vivre cette exp\u00e9rience. Ces quelques jours nous ont permis de cr\u00e9er de nouveaux liens et de renforcer l\u2019amiti\u00e9 qui unit nos deux villes.<\/p>\n<p><img loading=\"lazy\" class=\"alignnone size-medium wp-image-5389\" src=\"https:\/\/cjnrb.fr\/cjnrb_fr\/wp-content\/uploads\/2026\/09\/Albion2026-300x225.jpeg\" alt=\"\" width=\"300\" height=\"225\" srcset=\"https:\/\/cjnrb.fr\/cjnrb_fr\/wp-content\/uploads\/2026\/09\/Albion2026-300x225.jpeg 300w, https:\/\/cjnrb.fr\/cjnrb_fr\/wp-content\/uploads\/2026\/09\/Albion2026-1030x773.jpeg 1030w, https:\/\/cjnrb.fr\/cjnrb_fr\/wp-content\/uploads\/2026\/09\/Albion2026-768x576.jpeg 768w, https:\/\/cjnrb.fr\/cjnrb_fr\/wp-content\/uploads\/2026\/09\/Albion2026-1536x1152.jpeg 1536w, https:\/\/cjnrb.fr\/cjnrb_fr\/wp-content\/uploads\/2026\/09\/Albion2026-1500x1125.jpeg 1500w, https:\/\/cjnrb.fr\/cjnrb_fr\/wp-content\/uploads\/2026\/09\/Albion2026-705x529.jpeg 705w, https:\/\/cjnrb.fr\/cjnrb_fr\/wp-content\/uploads\/2026\/09\/Albion2026-450x338.jpeg 450w, https:\/\/cjnrb.fr\/cjnrb_fr\/wp-content\/uploads\/2026\/09\/Albion2026.jpeg 1600w\" sizes=\"(max-width: 300px) 100vw, 300px\" \/> <img loading=\"lazy\" class=\"alignnone size-medium wp-image-5388\" src=\"https:\/\/cjnrb.fr\/cjnrb_fr\/wp-content\/uploads\/2026\/09\/Groupe-2-Albion-2026-300x225.jpeg\" alt=\"\" width=\"300\" height=\"225\" srcset=\"https:\/\/cjnrb.fr\/cjnrb_fr\/wp-content\/uploads\/2026\/09\/Groupe-2-Albion-2026-300x225.jpeg 300w, https:\/\/cjnrb.fr\/cjnrb_fr\/wp-content\/uploads\/2026\/09\/Groupe-2-Albion-2026-1030x772.jpeg 1030w, https:\/\/cjnrb.fr\/cjnrb_fr\/wp-content\/uploads\/2026\/09\/Groupe-2-Albion-2026-768x576.jpeg 768w, https:\/\/cjnrb.fr\/cjnrb_fr\/wp-content\/uploads\/2026\/09\/Groupe-2-Albion-2026-1536x1151.jpeg 1536w, https:\/\/cjnrb.fr\/cjnrb_fr\/wp-content\/uploads\/2026\/09\/Groupe-2-Albion-2026-1500x1124.jpeg 1500w, https:\/\/cjnrb.fr\/cjnrb_fr\/wp-content\/uploads\/2026\/09\/Groupe-2-Albion-2026-705x528.jpeg 705w, https:\/\/cjnrb.fr\/cjnrb_fr\/wp-content\/uploads\/2026\/09\/Groupe-2-Albion-2026-450x337.jpeg 450w, https:\/\/cjnrb.fr\/cjnrb_fr\/wp-content\/uploads\/2026\/09\/Groupe-2-Albion-2026.jpeg 1600w\" sizes=\"(max-width: 300px) 100vw, 300px\" \/> <img loading=\"lazy\" class=\"alignnone size-medium wp-image-5387\" src=\"https:\/\/cjnrb.fr\/cjnrb_fr\/wp-content\/uploads\/2026\/09\/Groupe-Albion-2026-300x225.jpeg\" alt=\"\" width=\"300\" height=\"225\" srcset=\"https:\/\/cjnrb.fr\/cjnrb_fr\/wp-content\/uploads\/2026\/09\/Groupe-Albion-2026-300x225.jpeg 300w, https:\/\/cjnrb.fr\/cjnrb_fr\/wp-content\/uploads\/2026\/09\/Groupe-Albion-2026-1030x773.jpeg 1030w, https:\/\/cjnrb.fr\/cjnrb_fr\/wp-content\/uploads\/2026\/09\/Groupe-Albion-2026-768x576.jpeg 768w, https:\/\/cjnrb.fr\/cjnrb_fr\/wp-content\/uploads\/2026\/09\/Groupe-Albion-2026-1536x1152.jpeg 1536w, https:\/\/cjnrb.fr\/cjnrb_fr\/wp-content\/uploads\/2026\/09\/Groupe-Albion-2026-1500x1125.jpeg 1500w, https:\/\/cjnrb.fr\/cjnrb_fr\/wp-content\/uploads\/2026\/09\/Groupe-Albion-2026-705x529.jpeg 705w, https:\/\/cjnrb.fr\/cjnrb_fr\/wp-content\/uploads\/2026\/09\/Groupe-Albion-2026-450x338.jpeg 450w, https:\/\/cjnrb.fr\/cjnrb_fr\/wp-content\/uploads\/2026\/09\/Groupe-Albion-2026.jpeg 1600w\" sizes=\"(max-width: 300px) 100vw, 300px\" \/> <img loading=\"lazy\" class=\"alignnone size-medium wp-image-5386\" src=\"https:\/\/cjnrb.fr\/cjnrb_fr\/wp-content\/uploads\/2026\/09\/Art-in-Albion-2026-225x300.jpeg\" alt=\"\" width=\"225\" height=\"300\" srcset=\"https:\/\/cjnrb.fr\/cjnrb_fr\/wp-content\/uploads\/2026\/09\/Art-in-Albion-2026-225x300.jpeg 225w, https:\/\/cjnrb.fr\/cjnrb_fr\/wp-content\/uploads\/2026\/09\/Art-in-Albion-2026-773x1030.jpeg 773w, https:\/\/cjnrb.fr\/cjnrb_fr\/wp-content\/uploads\/2026\/09\/Art-in-Albion-2026-768x1024.jpeg 768w, https:\/\/cjnrb.fr\/cjnrb_fr\/wp-content\/uploads\/2026\/09\/Art-in-Albion-2026-1152x1536.jpeg 1152w, https:\/\/cjnrb.fr\/cjnrb_fr\/wp-content\/uploads\/2026\/09\/Art-in-Albion-2026-1125x1500.jpeg 1125w, https:\/\/cjnrb.fr\/cjnrb_fr\/wp-content\/uploads\/2026\/09\/Art-in-Albion-2026-529x705.jpeg 529w, https:\/\/cjnrb.fr\/cjnrb_fr\/wp-content\/uploads\/2026\/09\/Art-in-Albion-2026-450x600.jpeg 450w, https:\/\/cjnrb.fr\/cjnrb_fr\/wp-content\/uploads\/2026\/09\/Art-in-Albion-2026.jpeg 1200w\" sizes=\"(max-width: 225px) 100vw, 225px\" \/><\/p><\/blockquote>\n","protected":false},"excerpt":{"rendered":"<p>Un s\u00e9jour riche en d\u00e9couvertes \u00e0 Albion Nous avons eu la chance de d\u00e9couvrir Albion, dans le Michigan, dans le cadre du jumelage entre nos deux villes. Ce s\u00e9jour, partag\u00e9 par quatre accompagnateurs et sept jeunes, a \u00e9t\u00e9 une exp\u00e9rience particuli\u00e8rement enrichissante, faite de d\u00e9couvertes, de rencontres et de beaux moments de partage. Nous avons [&hellip;]<\/p>\n","protected":false},"author":1,"featured_media":5390,"comment_status":"closed","ping_status":"open","sticky":false,"template":"","format":"standard","meta":[],"categories":[17],"tags":[],"yoast_head":"<!-- This site is optimized with the Yoast SEO plugin v18.5.1 - https:\/\/yoast.com\/wordpress\/plugins\/seo\/ -->\n<title>S\u00e9jour \u00e0 Albion - \u00e9t\u00e9 2026 - Jumelage Noisy le Roi \/ Bailly<\/title>\n<meta name=\"robots\" content=\"index, follow, max-snippet:-1, max-image-preview:large, max-video-preview:-1\" \/>\n<link rel=\"canonical\" href=\"https:\/\/cjnrb.fr\/cjnrb_fr\/sejour-a-albion-ete-2026\/\" \/>\n<meta property=\"og:locale\" content=\"fr_FR\" \/>\n<meta property=\"og:type\" content=\"article\" \/>\n<meta property=\"og:title\" content=\"S\u00e9jour \u00e0 Albion - \u00e9t\u00e9 2026 - Jumelage Noisy le Roi \/ Bailly\" \/>\n<meta property=\"og:description\" content=\"Un s\u00e9jour riche en d\u00e9couvertes \u00e0 Albion Nous avons eu la chance de d\u00e9couvrir Albion, dans le Michigan, dans le cadre du jumelage entre nos deux villes. Ce s\u00e9jour, partag\u00e9 par quatre accompagnateurs et sept jeunes, a \u00e9t\u00e9 une exp\u00e9rience particuli\u00e8rement enrichissante, faite de d\u00e9couvertes, de rencontres et de beaux moments de partage. Nous avons [&hellip;]\" \/>\n<meta property=\"og:url\" content=\"https:\/\/cjnrb.fr\/cjnrb_fr\/sejour-a-albion-ete-2026\/\" \/>\n<meta property=\"og:site_name\" content=\"Jumelage Noisy le Roi \/ Bailly\" \/>\n<meta property=\"article:published_time\" content=\"2026-09-01T08:30:36+00:00\" \/>\n<meta property=\"og:image\" content=\"https:\/\/cjnrb.fr\/cjnrb_fr\/wp-content\/uploads\/2026\/09\/Albion-2026-Welcome.jpeg\" \/>\n\t<meta property=\"og:image:width\" content=\"2048\" \/>\n\t<meta property=\"og:image:height\" content=\"1152\" \/>\n\t<meta property=\"og:image:type\" content=\"image\/jpeg\" \/>\n<meta name=\"twitter:card\" content=\"summary_large_image\" \/>\n<meta name=\"twitter:label1\" content=\"\u00c9crit par\" \/>\n\t<meta name=\"twitter:data1\" content=\"francois\" \/>\n\t<meta name=\"twitter:label2\" content=\"Dur\u00e9e de lecture estim\u00e9e\" \/>\n\t<meta name=\"twitter:data2\" content=\"1 minute\" \/>\n<script type=\"application\/ld+json\" class=\"yoast-schema-graph\">{\"@context\":\"https:\/\/schema.org\",\"@graph\":[{\"@type\":\"WebSite\",\"@id\":\"https:\/\/cjnrb.fr\/cjnrb_fr\/#website\",\"url\":\"https:\/\/cjnrb.fr\/cjnrb_fr\/\",\"name\":\"Jumelage Noisy le Roi \/ Bailly\",\"description\":\"\u00e9changes dans les domaines scolaires, culturels, sportifs, \u00e9conomiques et environnementaux avec les villes d\u2019Albion (USA) et Godella (Espagne) \",\"potentialAction\":[{\"@type\":\"SearchAction\",\"target\":{\"@type\":\"EntryPoint\",\"urlTemplate\":\"https:\/\/cjnrb.fr\/cjnrb_fr\/?s={search_term_string}\"},\"query-input\":\"required name=search_term_string\"}],\"inLanguage\":\"fr-FR\"},{\"@type\":\"ImageObject\",\"@id\":\"https:\/\/cjnrb.fr\/cjnrb_fr\/sejour-a-albion-ete-2026\/#primaryimage\",\"inLanguage\":\"fr-FR\",\"url\":\"https:\/\/cjnrb.fr\/cjnrb_fr\/wp-content\/uploads\/2026\/09\/Albion-2026-Welcome.jpeg\",\"contentUrl\":\"https:\/\/cjnrb.fr\/cjnrb_fr\/wp-content\/uploads\/2026\/09\/Albion-2026-Welcome.jpeg\",\"width\":2048,\"height\":1152},{\"@type\":\"WebPage\",\"@id\":\"https:\/\/cjnrb.fr\/cjnrb_fr\/sejour-a-albion-ete-2026\/#webpage\",\"url\":\"https:\/\/cjnrb.fr\/cjnrb_fr\/sejour-a-albion-ete-2026\/\",\"name\":\"S\u00e9jour \u00e0 Albion - \u00e9t\u00e9 2026 - Jumelage Noisy le Roi \/ Bailly\",\"isPartOf\":{\"@id\":\"https:\/\/cjnrb.fr\/cjnrb_fr\/#website\"},\"primaryImageOfPage\":{\"@id\":\"https:\/\/cjnrb.fr\/cjnrb_fr\/sejour-a-albion-ete-2026\/#primaryimage\"},\"datePublished\":\"2026-09-01T08:30:36+00:00\",\"dateModified\":\"2026-09-01T08:30:36+00:00\",\"author\":{\"@id\":\"https:\/\/cjnrb.fr\/cjnrb_fr\/#\/schema\/person\/1d7e5959ede7cd403648c23fbf7a224c\"},\"breadcrumb\":{\"@id\":\"https:\/\/cjnrb.fr\/cjnrb_fr\/sejour-a-albion-ete-2026\/#breadcrumb\"},\"inLanguage\":\"fr-FR\",\"potentialAction\":[{\"@type\":\"ReadAction\",\"target\":[\"https:\/\/cjnrb.fr\/cjnrb_fr\/sejour-a-albion-ete-2026\/\"]}]},{\"@type\":\"BreadcrumbList\",\"@id\":\"https:\/\/cjnrb.fr\/cjnrb_fr\/sejour-a-albion-ete-2026\/#breadcrumb\",\"itemListElement\":[{\"@type\":\"ListItem\",\"position\":1,\"name\":\"Accueil\",\"item\":\"https:\/\/cjnrb.fr\/cjnrb_fr\/\"},{\"@type\":\"ListItem\",\"position\":2,\"name\":\"S\u00e9jour \u00e0 Albion &#8211; \u00e9t\u00e9 2026\"}]},{\"@type\":\"Person\",\"@id\":\"https:\/\/cjnrb.fr\/cjnrb_fr\/#\/schema\/person\/1d7e5959ede7cd403648c23fbf7a224c\",\"name\":\"francois\",\"image\":{\"@type\":\"ImageObject\",\"@id\":\"https:\/\/cjnrb.fr\/cjnrb_fr\/#personlogo\",\"inLanguage\":\"fr-FR\",\"url\":\"https:\/\/secure.gravatar.com\/avatar\/89e31bd17b28c77cebe20b6999903d3a?s=96&d=mm&r=g\",\"contentUrl\":\"https:\/\/secure.gravatar.com\/avatar\/89e31bd17b28c77cebe20b6999903d3a?s=96&d=mm&r=g\",\"caption\":\"francois\"},\"url\":\"https:\/\/cjnrb.fr\/cjnrb_fr\/author\/francois\/\"}]}<\/script>\n<!-- \/ Yoast SEO plugin. -->","yoast_head_json":{"title":"S\u00e9jour \u00e0 Albion - \u00e9t\u00e9 2026 - Jumelage Noisy le Roi \/ Bailly","robots":{"index":"index","follow":"follow","max-snippet":"max-snippet:-1","max-image-preview":"max-image-preview:large","max-video-preview":"max-video-preview:-1"},"canonical":"https:\/\/cjnrb.fr\/cjnrb_fr\/sejour-a-albion-ete-2026\/","og_locale":"fr_FR","og_type":"article","og_title":"S\u00e9jour \u00e0 Albion - \u00e9t\u00e9 2026 - Jumelage Noisy le Roi \/ Bailly","og_description":"Un s\u00e9jour riche en d\u00e9couvertes \u00e0 Albion Nous avons eu la chance de d\u00e9couvrir Albion, dans le Michigan, dans le cadre du jumelage entre nos deux villes. Ce s\u00e9jour, partag\u00e9 par quatre accompagnateurs et sept jeunes, a \u00e9t\u00e9 une exp\u00e9rience particuli\u00e8rement enrichissante, faite de d\u00e9couvertes, de rencontres et de beaux moments de partage. Nous avons [&hellip;]","og_url":"https:\/\/cjnrb.fr\/cjnrb_fr\/sejour-a-albion-ete-2026\/","og_site_name":"Jumelage Noisy le Roi \/ Bailly","article_published_time":"2026-09-01T08:30:36+00:00","og_image":[{"width":2048,"height":1152,"url":"https:\/\/cjnrb.fr\/cjnrb_fr\/wp-content\/uploads\/2026\/09\/Albion-2026-Welcome.jpeg","type":"image\/jpeg"}],"twitter_card":"summary_large_image","twitter_misc":{"\u00c9crit par":"francois","Dur\u00e9e de lecture estim\u00e9e":"1 minute"},"schema":{"@context":"https:\/\/schema.org","@graph":[{"@type":"WebSite","@id":"https:\/\/cjnrb.fr\/cjnrb_fr\/#website","url":"https:\/\/cjnrb.fr\/cjnrb_fr\/","name":"Jumelage Noisy le Roi \/ Bailly","description":"\u00e9changes dans les domaines scolaires, culturels, sportifs, \u00e9conomiques et environnementaux avec les villes d\u2019Albion (USA) et Godella (Espagne) ","potentialAction":[{"@type":"SearchAction","target":{"@type":"EntryPoint","urlTemplate":"https:\/\/cjnrb.fr\/cjnrb_fr\/?s={search_term_string}"},"query-input":"required name=search_term_string"}],"inLanguage":"fr-FR"},{"@type":"ImageObject","@id":"https:\/\/cjnrb.fr\/cjnrb_fr\/sejour-a-albion-ete-2026\/#primaryimage","inLanguage":"fr-FR","url":"https:\/\/cjnrb.fr\/cjnrb_fr\/wp-content\/uploads\/2026\/09\/Albion-2026-Welcome.jpeg","contentUrl":"https:\/\/cjnrb.fr\/cjnrb_fr\/wp-content\/uploads\/2026\/09\/Albion-2026-Welcome.jpeg","width":2048,"height":1152},{"@type":"WebPage","@id":"https:\/\/cjnrb.fr\/cjnrb_fr\/sejour-a-albion-ete-2026\/#webpage","url":"https:\/\/cjnrb.fr\/cjnrb_fr\/sejour-a-albion-ete-2026\/","name":"S\u00e9jour \u00e0 Albion - \u00e9t\u00e9 2026 - Jumelage Noisy le Roi \/ Bailly","isPartOf":{"@id":"https:\/\/cjnrb.fr\/cjnrb_fr\/#website"},"primaryImageOfPage":{"@id":"https:\/\/cjnrb.fr\/cjnrb_fr\/sejour-a-albion-ete-2026\/#primaryimage"},"datePublished":"2026-09-01T08:30:36+00:00","dateModified":"2026-09-01T08:30:36+00:00","author":{"@id":"https:\/\/cjnrb.fr\/cjnrb_fr\/#\/schema\/person\/1d7e5959ede7cd403648c23fbf7a224c"},"breadcrumb":{"@id":"https:\/\/cjnrb.fr\/cjnrb_fr\/sejour-a-albion-ete-2026\/#breadcrumb"},"inLanguage":"fr-FR","potentialAction":[{"@type":"ReadAction","target":["https:\/\/cjnrb.fr\/cjnrb_fr\/sejour-a-albion-ete-2026\/"]}]},{"@type":"BreadcrumbList","@id":"https:\/\/cjnrb.fr\/cjnrb_fr\/sejour-a-albion-ete-2026\/#breadcrumb","itemListElement":[{"@type":"ListItem","position":1,"name":"Accueil","item":"https:\/\/cjnrb.fr\/cjnrb_fr\/"},{"@type":"ListItem","position":2,"name":"S\u00e9jour \u00e0 Albion &#8211; \u00e9t\u00e9 2026"}]},{"@type":"Person","@id":"https:\/\/cjnrb.fr\/cjnrb_fr\/#\/schema\/person\/1d7e5959ede7cd403648c23fbf7a224c","name":"francois","image":{"@type":"ImageObject","@id":"https:\/\/cjnrb.fr\/cjnrb_fr\/#personlogo","inLanguage":"fr-FR","url":"https:\/\/secure.gravatar.com\/avatar\/89e31bd17b28c77cebe20b6999903d3a?s=96&d=mm&r=g","contentUrl":"https:\/\/secure.gravatar.com\/avatar\/89e31bd17b28c77cebe20b6999903d3a?s=96&d=mm&r=g","caption":"francois"},"url":"https:\/\/cjnrb.fr\/cjnrb_fr\/author\/francois\/"}]}},"_links":{"self":[{"href":"https:\/\/cjnrb.fr\/cjnrb_fr\/wp-json\/wp\/v2\/posts\/5385"}],"collection":[{"href":"https:\/\/cjnrb.fr\/cjnrb_fr\/wp-json\/wp\/v2\/posts"}],"about":[{"href":"https:\/\/cjnrb.fr\/cjnrb_fr\/wp-json\/wp\/v2\/types\/post"}],"author":[{"embeddable":true,"href":"https:\/\/cjnrb.fr\/cjnrb_fr\/wp-json\/wp\/v2\/users\/1"}],"replies":[{"embeddable":true,"href":"https:\/\/cjnrb.fr\/cjnrb_fr\/wp-json\/wp\/v2\/comments?post=5385"}],"version-history":[{"count":1,"href":"https:\/\/cjnrb.fr\/cjnrb_fr\/wp-json\/wp\/v2\/posts\/5385\/revisions"}],"predecessor-version":[{"id":5391,"href":"https:\/\/cjnrb.fr\/cjnrb_fr\/wp-json\/wp\/v2\/posts\/5385\/revisions\/5391"}],"wp:featuredmedia":[{"embeddable":true,"href":"https:\/\/cjnrb.fr\/cjnrb_fr\/wp-json\/wp\/v2\/media\/5390"}],"wp:attachment":[{"href":"https:\/\/cjnrb.fr\/cjnrb_fr\/wp-json\/wp\/v2\/media?parent=5385"}],"wp:term":[{"taxonomy":"category","embeddable":true,"href":"https:\/\/cjnrb.fr\/cjnrb_fr\/wp-json\/wp\/v2\/categories?post=5385"},{"taxonomy":"post_tag","embeddable":true,"href":"https:\/\/cjnrb.fr\/cjnrb_fr\/wp-json\/wp\/v2\/tags?post=5385"}],"curies":[{"name":"wp","href":"https:\/\/api.w.org\/{rel}","templated":true}]}}