{"id":5254,"date":"2025-11-02T18:19:26","date_gmt":"2025-11-02T17:19:26","guid":{"rendered":"https:\/\/cjnrb.fr\/cjnrb_fr\/?p=5254"},"modified":"2025-11-22T18:11:02","modified_gmt":"2025-11-22T17:11:02","slug":"festival-de-guitare-2","status":"publish","type":"post","link":"https:\/\/cjnrb.fr\/cjnrb_fr\/festival-de-guitare-2\/","title":{"rendered":"Festival de Guitare"},"content":{"rendered":"<blockquote><p><strong>Festival de guitare &#8211; du 14 au 16 novembre 2025<\/strong><\/p><\/blockquote>\n<p>Une nouvelle occasion de partager l&rsquo;art de la guitare avec des \u00e9l\u00e8ves de Godella.<\/p>\n<div id=\"attachment_5264\" style=\"width: 346px\" class=\"wp-caption alignnone\"><img aria-describedby=\"caption-attachment-5264\" loading=\"lazy\" class=\" wp-image-5264\" src=\"https:\/\/cjnrb.fr\/cjnrb_fr\/wp-content\/uploads\/2025\/11\/AAST3808-scaled.jpg\" alt=\"\" width=\"336\" height=\"224\" srcset=\"https:\/\/cjnrb.fr\/cjnrb_fr\/wp-content\/uploads\/2025\/11\/AAST3808-scaled.jpg 2560w, https:\/\/cjnrb.fr\/cjnrb_fr\/wp-content\/uploads\/2025\/11\/AAST3808-300x200.jpg 300w, https:\/\/cjnrb.fr\/cjnrb_fr\/wp-content\/uploads\/2025\/11\/AAST3808-1030x687.jpg 1030w, https:\/\/cjnrb.fr\/cjnrb_fr\/wp-content\/uploads\/2025\/11\/AAST3808-768x512.jpg 768w, https:\/\/cjnrb.fr\/cjnrb_fr\/wp-content\/uploads\/2025\/11\/AAST3808-1536x1024.jpg 1536w, https:\/\/cjnrb.fr\/cjnrb_fr\/wp-content\/uploads\/2025\/11\/AAST3808-2048x1365.jpg 2048w, https:\/\/cjnrb.fr\/cjnrb_fr\/wp-content\/uploads\/2025\/11\/AAST3808-1500x1000.jpg 1500w, https:\/\/cjnrb.fr\/cjnrb_fr\/wp-content\/uploads\/2025\/11\/AAST3808-705x470.jpg 705w, https:\/\/cjnrb.fr\/cjnrb_fr\/wp-content\/uploads\/2025\/11\/AAST3808-450x300.jpg 450w\" sizes=\"(max-width: 336px) 100vw, 336px\" \/><p id=\"caption-attachment-5264\" class=\"wp-caption-text\">Master classe avec Augustin PESNON pour les jeunes espagnols.<\/p><\/div>\n<p>&nbsp;<\/p>\n<div id=\"attachment_5269\" style=\"width: 404px\" class=\"wp-caption alignnone\"><img aria-describedby=\"caption-attachment-5269\" loading=\"lazy\" class=\" wp-image-5269\" src=\"https:\/\/cjnrb.fr\/cjnrb_fr\/wp-content\/uploads\/2025\/11\/AAST4043-1-scaled.jpg\" alt=\"\" width=\"394\" height=\"222\" srcset=\"https:\/\/cjnrb.fr\/cjnrb_fr\/wp-content\/uploads\/2025\/11\/AAST4043-1-scaled.jpg 2560w, https:\/\/cjnrb.fr\/cjnrb_fr\/wp-content\/uploads\/2025\/11\/AAST4043-1-300x169.jpg 300w, https:\/\/cjnrb.fr\/cjnrb_fr\/wp-content\/uploads\/2025\/11\/AAST4043-1-1030x579.jpg 1030w, https:\/\/cjnrb.fr\/cjnrb_fr\/wp-content\/uploads\/2025\/11\/AAST4043-1-768x432.jpg 768w, https:\/\/cjnrb.fr\/cjnrb_fr\/wp-content\/uploads\/2025\/11\/AAST4043-1-1536x864.jpg 1536w, https:\/\/cjnrb.fr\/cjnrb_fr\/wp-content\/uploads\/2025\/11\/AAST4043-1-2048x1152.jpg 2048w, https:\/\/cjnrb.fr\/cjnrb_fr\/wp-content\/uploads\/2025\/11\/AAST4043-1-1500x844.jpg 1500w, https:\/\/cjnrb.fr\/cjnrb_fr\/wp-content\/uploads\/2025\/11\/AAST4043-1-705x397.jpg 705w, https:\/\/cjnrb.fr\/cjnrb_fr\/wp-content\/uploads\/2025\/11\/AAST4043-1-450x253.jpg 450w\" sizes=\"(max-width: 394px) 100vw, 394px\" \/><p id=\"caption-attachment-5269\" class=\"wp-caption-text\">Prestation des jeunes avec leurs professeurs lors du concert de cl\u00f4ture.<\/p><\/div>\n<p><img loading=\"lazy\" class=\"alignnone wp-image-5268\" src=\"https:\/\/cjnrb.fr\/cjnrb_fr\/wp-content\/uploads\/2025\/11\/AAST4094-1-scaled.jpg\" alt=\"\" width=\"394\" height=\"222\" srcset=\"https:\/\/cjnrb.fr\/cjnrb_fr\/wp-content\/uploads\/2025\/11\/AAST4094-1-scaled.jpg 2560w, https:\/\/cjnrb.fr\/cjnrb_fr\/wp-content\/uploads\/2025\/11\/AAST4094-1-300x169.jpg 300w, https:\/\/cjnrb.fr\/cjnrb_fr\/wp-content\/uploads\/2025\/11\/AAST4094-1-1030x579.jpg 1030w, https:\/\/cjnrb.fr\/cjnrb_fr\/wp-content\/uploads\/2025\/11\/AAST4094-1-768x432.jpg 768w, https:\/\/cjnrb.fr\/cjnrb_fr\/wp-content\/uploads\/2025\/11\/AAST4094-1-1536x864.jpg 1536w, https:\/\/cjnrb.fr\/cjnrb_fr\/wp-content\/uploads\/2025\/11\/AAST4094-1-2048x1152.jpg 2048w, https:\/\/cjnrb.fr\/cjnrb_fr\/wp-content\/uploads\/2025\/11\/AAST4094-1-1500x844.jpg 1500w, https:\/\/cjnrb.fr\/cjnrb_fr\/wp-content\/uploads\/2025\/11\/AAST4094-1-705x397.jpg 705w, https:\/\/cjnrb.fr\/cjnrb_fr\/wp-content\/uploads\/2025\/11\/AAST4094-1-450x253.jpg 450w\" sizes=\"(max-width: 394px) 100vw, 394px\" \/><\/p>\n<p>&nbsp;<\/p>\n<div id=\"attachment_5265\" style=\"width: 435px\" class=\"wp-caption alignnone\"><img aria-describedby=\"caption-attachment-5265\" loading=\"lazy\" class=\" wp-image-5265\" src=\"https:\/\/cjnrb.fr\/cjnrb_fr\/wp-content\/uploads\/2025\/11\/AAST4120-scaled.jpg\" alt=\"\" width=\"425\" height=\"239\" srcset=\"https:\/\/cjnrb.fr\/cjnrb_fr\/wp-content\/uploads\/2025\/11\/AAST4120-scaled.jpg 2560w, https:\/\/cjnrb.fr\/cjnrb_fr\/wp-content\/uploads\/2025\/11\/AAST4120-300x169.jpg 300w, https:\/\/cjnrb.fr\/cjnrb_fr\/wp-content\/uploads\/2025\/11\/AAST4120-1030x579.jpg 1030w, https:\/\/cjnrb.fr\/cjnrb_fr\/wp-content\/uploads\/2025\/11\/AAST4120-768x432.jpg 768w, https:\/\/cjnrb.fr\/cjnrb_fr\/wp-content\/uploads\/2025\/11\/AAST4120-1536x864.jpg 1536w, https:\/\/cjnrb.fr\/cjnrb_fr\/wp-content\/uploads\/2025\/11\/AAST4120-2048x1152.jpg 2048w, https:\/\/cjnrb.fr\/cjnrb_fr\/wp-content\/uploads\/2025\/11\/AAST4120-1500x844.jpg 1500w, https:\/\/cjnrb.fr\/cjnrb_fr\/wp-content\/uploads\/2025\/11\/AAST4120-705x397.jpg 705w, https:\/\/cjnrb.fr\/cjnrb_fr\/wp-content\/uploads\/2025\/11\/AAST4120-450x253.jpg 450w\" sizes=\"(max-width: 425px) 100vw, 425px\" \/><p id=\"caption-attachment-5265\" class=\"wp-caption-text\">Cr\u00e9ation de Thierry Tisserand. \u00ab\u00a0Ensembles\u00a0\u00bb<\/p><\/div>\n","protected":false},"excerpt":{"rendered":"<p>Festival de guitare &#8211; du 14 au 16 novembre 2025 Une nouvelle occasion de partager l&rsquo;art de la guitare avec des \u00e9l\u00e8ves de Godella. &nbsp; &nbsp;<\/p>\n","protected":false},"author":1,"featured_media":5255,"comment_status":"closed","ping_status":"open","sticky":false,"template":"","format":"standard","meta":[],"categories":[17],"tags":[],"yoast_head":"<!-- This site is optimized with the Yoast SEO plugin v18.5.1 - https:\/\/yoast.com\/wordpress\/plugins\/seo\/ -->\n<title>Festival de Guitare - Jumelage Noisy le Roi \/ Bailly<\/title>\n<meta name=\"robots\" content=\"index, follow, max-snippet:-1, max-image-preview:large, max-video-preview:-1\" \/>\n<link rel=\"canonical\" href=\"https:\/\/cjnrb.fr\/cjnrb_fr\/festival-de-guitare-2\/\" \/>\n<meta property=\"og:locale\" content=\"fr_FR\" \/>\n<meta property=\"og:type\" content=\"article\" \/>\n<meta property=\"og:title\" content=\"Festival de Guitare - Jumelage Noisy le Roi \/ Bailly\" \/>\n<meta property=\"og:description\" content=\"Festival de guitare &#8211; du 14 au 16 novembre 2025 Une nouvelle occasion de partager l&rsquo;art de la guitare avec des \u00e9l\u00e8ves de Godella. &nbsp; &nbsp;\" \/>\n<meta property=\"og:url\" content=\"https:\/\/cjnrb.fr\/cjnrb_fr\/festival-de-guitare-2\/\" \/>\n<meta property=\"og:site_name\" content=\"Jumelage Noisy le Roi \/ Bailly\" \/>\n<meta property=\"article:published_time\" content=\"2025-11-02T17:19:26+00:00\" \/>\n<meta property=\"article:modified_time\" content=\"2025-11-22T17:11:02+00:00\" \/>\n<meta property=\"og:image\" content=\"https:\/\/cjnrb.fr\/cjnrb_fr\/wp-content\/uploads\/2025\/11\/Screenshot_20251102_181430_Instagram.jpg\" \/>\n\t<meta property=\"og:image:width\" content=\"1080\" \/>\n\t<meta property=\"og:image:height\" content=\"1367\" \/>\n\t<meta property=\"og:image:type\" content=\"image\/jpeg\" \/>\n<meta name=\"twitter:card\" content=\"summary_large_image\" \/>\n<meta name=\"twitter:label1\" content=\"\u00c9crit par\" \/>\n\t<meta name=\"twitter:data1\" content=\"francois\" \/>\n\t<meta name=\"twitter:label2\" content=\"Dur\u00e9e de lecture estim\u00e9e\" \/>\n\t<meta name=\"twitter:data2\" content=\"1 minute\" \/>\n<script type=\"application\/ld+json\" class=\"yoast-schema-graph\">{\"@context\":\"https:\/\/schema.org\",\"@graph\":[{\"@type\":\"WebSite\",\"@id\":\"https:\/\/cjnrb.fr\/cjnrb_fr\/#website\",\"url\":\"https:\/\/cjnrb.fr\/cjnrb_fr\/\",\"name\":\"Jumelage Noisy le Roi \/ Bailly\",\"description\":\"\u00e9changes dans les domaines scolaires, culturels, sportifs, \u00e9conomiques et environnementaux avec les villes d\u2019Albion (USA) et Godella (Espagne) \",\"potentialAction\":[{\"@type\":\"SearchAction\",\"target\":{\"@type\":\"EntryPoint\",\"urlTemplate\":\"https:\/\/cjnrb.fr\/cjnrb_fr\/?s={search_term_string}\"},\"query-input\":\"required name=search_term_string\"}],\"inLanguage\":\"fr-FR\"},{\"@type\":\"ImageObject\",\"@id\":\"https:\/\/cjnrb.fr\/cjnrb_fr\/festival-de-guitare-2\/#primaryimage\",\"inLanguage\":\"fr-FR\",\"url\":\"https:\/\/cjnrb.fr\/cjnrb_fr\/wp-content\/uploads\/2025\/11\/Screenshot_20251102_181430_Instagram.jpg\",\"contentUrl\":\"https:\/\/cjnrb.fr\/cjnrb_fr\/wp-content\/uploads\/2025\/11\/Screenshot_20251102_181430_Instagram.jpg\",\"width\":1080,\"height\":1367},{\"@type\":\"WebPage\",\"@id\":\"https:\/\/cjnrb.fr\/cjnrb_fr\/festival-de-guitare-2\/#webpage\",\"url\":\"https:\/\/cjnrb.fr\/cjnrb_fr\/festival-de-guitare-2\/\",\"name\":\"Festival de Guitare - Jumelage Noisy le Roi \/ Bailly\",\"isPartOf\":{\"@id\":\"https:\/\/cjnrb.fr\/cjnrb_fr\/#website\"},\"primaryImageOfPage\":{\"@id\":\"https:\/\/cjnrb.fr\/cjnrb_fr\/festival-de-guitare-2\/#primaryimage\"},\"datePublished\":\"2025-11-02T17:19:26+00:00\",\"dateModified\":\"2025-11-22T17:11:02+00:00\",\"author\":{\"@id\":\"https:\/\/cjnrb.fr\/cjnrb_fr\/#\/schema\/person\/1d7e5959ede7cd403648c23fbf7a224c\"},\"breadcrumb\":{\"@id\":\"https:\/\/cjnrb.fr\/cjnrb_fr\/festival-de-guitare-2\/#breadcrumb\"},\"inLanguage\":\"fr-FR\",\"potentialAction\":[{\"@type\":\"ReadAction\",\"target\":[\"https:\/\/cjnrb.fr\/cjnrb_fr\/festival-de-guitare-2\/\"]}]},{\"@type\":\"BreadcrumbList\",\"@id\":\"https:\/\/cjnrb.fr\/cjnrb_fr\/festival-de-guitare-2\/#breadcrumb\",\"itemListElement\":[{\"@type\":\"ListItem\",\"position\":1,\"name\":\"Accueil\",\"item\":\"https:\/\/cjnrb.fr\/cjnrb_fr\/\"},{\"@type\":\"ListItem\",\"position\":2,\"name\":\"Festival de Guitare\"}]},{\"@type\":\"Person\",\"@id\":\"https:\/\/cjnrb.fr\/cjnrb_fr\/#\/schema\/person\/1d7e5959ede7cd403648c23fbf7a224c\",\"name\":\"francois\",\"image\":{\"@type\":\"ImageObject\",\"@id\":\"https:\/\/cjnrb.fr\/cjnrb_fr\/#personlogo\",\"inLanguage\":\"fr-FR\",\"url\":\"https:\/\/secure.gravatar.com\/avatar\/89e31bd17b28c77cebe20b6999903d3a?s=96&d=mm&r=g\",\"contentUrl\":\"https:\/\/secure.gravatar.com\/avatar\/89e31bd17b28c77cebe20b6999903d3a?s=96&d=mm&r=g\",\"caption\":\"francois\"},\"url\":\"https:\/\/cjnrb.fr\/cjnrb_fr\/author\/francois\/\"}]}<\/script>\n<!-- \/ Yoast SEO plugin. -->","yoast_head_json":{"title":"Festival de Guitare - Jumelage Noisy le Roi \/ Bailly","robots":{"index":"index","follow":"follow","max-snippet":"max-snippet:-1","max-image-preview":"max-image-preview:large","max-video-preview":"max-video-preview:-1"},"canonical":"https:\/\/cjnrb.fr\/cjnrb_fr\/festival-de-guitare-2\/","og_locale":"fr_FR","og_type":"article","og_title":"Festival de Guitare - Jumelage Noisy le Roi \/ Bailly","og_description":"Festival de guitare &#8211; du 14 au 16 novembre 2025 Une nouvelle occasion de partager l&rsquo;art de la guitare avec des \u00e9l\u00e8ves de Godella. &nbsp; &nbsp;","og_url":"https:\/\/cjnrb.fr\/cjnrb_fr\/festival-de-guitare-2\/","og_site_name":"Jumelage Noisy le Roi \/ Bailly","article_published_time":"2025-11-02T17:19:26+00:00","article_modified_time":"2025-11-22T17:11:02+00:00","og_image":[{"width":1080,"height":1367,"url":"https:\/\/cjnrb.fr\/cjnrb_fr\/wp-content\/uploads\/2025\/11\/Screenshot_20251102_181430_Instagram.jpg","type":"image\/jpeg"}],"twitter_card":"summary_large_image","twitter_misc":{"\u00c9crit par":"francois","Dur\u00e9e de lecture estim\u00e9e":"1 minute"},"schema":{"@context":"https:\/\/schema.org","@graph":[{"@type":"WebSite","@id":"https:\/\/cjnrb.fr\/cjnrb_fr\/#website","url":"https:\/\/cjnrb.fr\/cjnrb_fr\/","name":"Jumelage Noisy le Roi \/ Bailly","description":"\u00e9changes dans les domaines scolaires, culturels, sportifs, \u00e9conomiques et environnementaux avec les villes d\u2019Albion (USA) et Godella (Espagne) ","potentialAction":[{"@type":"SearchAction","target":{"@type":"EntryPoint","urlTemplate":"https:\/\/cjnrb.fr\/cjnrb_fr\/?s={search_term_string}"},"query-input":"required name=search_term_string"}],"inLanguage":"fr-FR"},{"@type":"ImageObject","@id":"https:\/\/cjnrb.fr\/cjnrb_fr\/festival-de-guitare-2\/#primaryimage","inLanguage":"fr-FR","url":"https:\/\/cjnrb.fr\/cjnrb_fr\/wp-content\/uploads\/2025\/11\/Screenshot_20251102_181430_Instagram.jpg","contentUrl":"https:\/\/cjnrb.fr\/cjnrb_fr\/wp-content\/uploads\/2025\/11\/Screenshot_20251102_181430_Instagram.jpg","width":1080,"height":1367},{"@type":"WebPage","@id":"https:\/\/cjnrb.fr\/cjnrb_fr\/festival-de-guitare-2\/#webpage","url":"https:\/\/cjnrb.fr\/cjnrb_fr\/festival-de-guitare-2\/","name":"Festival de Guitare - Jumelage Noisy le Roi \/ Bailly","isPartOf":{"@id":"https:\/\/cjnrb.fr\/cjnrb_fr\/#website"},"primaryImageOfPage":{"@id":"https:\/\/cjnrb.fr\/cjnrb_fr\/festival-de-guitare-2\/#primaryimage"},"datePublished":"2025-11-02T17:19:26+00:00","dateModified":"2025-11-22T17:11:02+00:00","author":{"@id":"https:\/\/cjnrb.fr\/cjnrb_fr\/#\/schema\/person\/1d7e5959ede7cd403648c23fbf7a224c"},"breadcrumb":{"@id":"https:\/\/cjnrb.fr\/cjnrb_fr\/festival-de-guitare-2\/#breadcrumb"},"inLanguage":"fr-FR","potentialAction":[{"@type":"ReadAction","target":["https:\/\/cjnrb.fr\/cjnrb_fr\/festival-de-guitare-2\/"]}]},{"@type":"BreadcrumbList","@id":"https:\/\/cjnrb.fr\/cjnrb_fr\/festival-de-guitare-2\/#breadcrumb","itemListElement":[{"@type":"ListItem","position":1,"name":"Accueil","item":"https:\/\/cjnrb.fr\/cjnrb_fr\/"},{"@type":"ListItem","position":2,"name":"Festival de Guitare"}]},{"@type":"Person","@id":"https:\/\/cjnrb.fr\/cjnrb_fr\/#\/schema\/person\/1d7e5959ede7cd403648c23fbf7a224c","name":"francois","image":{"@type":"ImageObject","@id":"https:\/\/cjnrb.fr\/cjnrb_fr\/#personlogo","inLanguage":"fr-FR","url":"https:\/\/secure.gravatar.com\/avatar\/89e31bd17b28c77cebe20b6999903d3a?s=96&d=mm&r=g","contentUrl":"https:\/\/secure.gravatar.com\/avatar\/89e31bd17b28c77cebe20b6999903d3a?s=96&d=mm&r=g","caption":"francois"},"url":"https:\/\/cjnrb.fr\/cjnrb_fr\/author\/francois\/"}]}},"_links":{"self":[{"href":"https:\/\/cjnrb.fr\/cjnrb_fr\/wp-json\/wp\/v2\/posts\/5254"}],"collection":[{"href":"https:\/\/cjnrb.fr\/cjnrb_fr\/wp-json\/wp\/v2\/posts"}],"about":[{"href":"https:\/\/cjnrb.fr\/cjnrb_fr\/wp-json\/wp\/v2\/types\/post"}],"author":[{"embeddable":true,"href":"https:\/\/cjnrb.fr\/cjnrb_fr\/wp-json\/wp\/v2\/users\/1"}],"replies":[{"embeddable":true,"href":"https:\/\/cjnrb.fr\/cjnrb_fr\/wp-json\/wp\/v2\/comments?post=5254"}],"version-history":[{"count":4,"href":"https:\/\/cjnrb.fr\/cjnrb_fr\/wp-json\/wp\/v2\/posts\/5254\/revisions"}],"predecessor-version":[{"id":5272,"href":"https:\/\/cjnrb.fr\/cjnrb_fr\/wp-json\/wp\/v2\/posts\/5254\/revisions\/5272"}],"wp:featuredmedia":[{"embeddable":true,"href":"https:\/\/cjnrb.fr\/cjnrb_fr\/wp-json\/wp\/v2\/media\/5255"}],"wp:attachment":[{"href":"https:\/\/cjnrb.fr\/cjnrb_fr\/wp-json\/wp\/v2\/media?parent=5254"}],"wp:term":[{"taxonomy":"category","embeddable":true,"href":"https:\/\/cjnrb.fr\/cjnrb_fr\/wp-json\/wp\/v2\/categories?post=5254"},{"taxonomy":"post_tag","embeddable":true,"href":"https:\/\/cjnrb.fr\/cjnrb_fr\/wp-json\/wp\/v2\/tags?post=5254"}],"curies":[{"name":"wp","href":"https:\/\/api.w.org\/{rel}","templated":true}]}}