{"id":5065,"date":"2023-05-26T15:30:27","date_gmt":"2023-05-26T13:30:27","guid":{"rendered":"https:\/\/cjnrb.fr\/cjnrb_fr\/?p=5065"},"modified":"2023-06-05T12:42:51","modified_gmt":"2023-06-05T10:42:51","slug":"exposition-a-godella","status":"publish","type":"post","link":"https:\/\/cjnrb.fr\/cjnrb_fr\/exposition-a-godella\/","title":{"rendered":"Exposition \u00e0 Godella"},"content":{"rendered":"<p>Le comit\u00e9 de jumelage est heureux <a href=\"https:\/\/villaeugenia.godella.es\/\">de pr\u00e9senter \u00e0 Godella<\/a>, pour la premi\u00e8re fois, les \u0153uvres d&rsquo;une quinzaine d&rsquo;artistes fran\u00e7ais. Ces peintres, ces sculpteurs et ces photographes, originaires de Bailly et de Noisy le Roi, exposent leurs travaux \u00e0 la villa Eugenia du 2 au 30 juin. Environ une centaine d \u0153uvres est install\u00e9e dans les magnifiques locaux de cette villa mise gracieusement \u00e0 disposition. Le vernissage a eu lieu en pr\u00e9sence de Mme la maire de Godella et des membres du conseil municipal, du directeur de l institut fran\u00e7ais de Valence, de trois membres du comit\u00e9 de jumelage, de trois artistes fran\u00e7ais qui se sont rendus sur place. Cette exposition fait suite \u00e0 une autre exposition qui avait pr\u00e9sent\u00e9 les travaux d&rsquo;artistes de Godella en France.<br \/>\nDiffuser la culture fran\u00e7aise aupr\u00e8s des habitants de Godella en faisant conna\u00eetre le travail de nos artistes locaux est une des missions du comit\u00e9 de jumelage.<\/p>\n<p><a href=\"https:\/\/cjnrb.fr\/cjnrb_fr\/wp-content\/uploads\/2023\/05\/Affiche-GODELLA.pdf\">L&rsquo;affiche de l&rsquo;exposition<\/a><br \/>\n<a href=\"https:\/\/villaeugenia.godella.es\/\">Le site de l&rsquo;exposition<\/a><\/p>\n<p>&nbsp;<\/p>\n","protected":false},"excerpt":{"rendered":"<p>Le comit\u00e9 de jumelage est heureux de pr\u00e9senter \u00e0 Godella, pour la premi\u00e8re fois, les \u0153uvres d&rsquo;une quinzaine d&rsquo;artistes fran\u00e7ais. Ces peintres, ces sculpteurs et ces photographes, originaires de Bailly et de Noisy le Roi, exposent leurs travaux \u00e0 la villa Eugenia du 2 au 30 juin. Environ une centaine d \u0153uvres est install\u00e9e dans [&hellip;]<\/p>\n","protected":false},"author":1,"featured_media":5066,"comment_status":"closed","ping_status":"open","sticky":false,"template":"","format":"standard","meta":[],"categories":[17],"tags":[],"yoast_head":"<!-- This site is optimized with the Yoast SEO plugin v18.5.1 - https:\/\/yoast.com\/wordpress\/plugins\/seo\/ -->\n<title>Exposition \u00e0 Godella - Jumelage Noisy le Roi \/ Bailly<\/title>\n<meta name=\"robots\" content=\"index, follow, max-snippet:-1, max-image-preview:large, max-video-preview:-1\" \/>\n<link rel=\"canonical\" href=\"https:\/\/cjnrb.fr\/cjnrb_fr\/exposition-a-godella\/\" \/>\n<meta property=\"og:locale\" content=\"fr_FR\" \/>\n<meta property=\"og:type\" content=\"article\" \/>\n<meta property=\"og:title\" content=\"Exposition \u00e0 Godella - Jumelage Noisy le Roi \/ Bailly\" \/>\n<meta property=\"og:description\" content=\"Le comit\u00e9 de jumelage est heureux de pr\u00e9senter \u00e0 Godella, pour la premi\u00e8re fois, les \u0153uvres d&rsquo;une quinzaine d&rsquo;artistes fran\u00e7ais. Ces peintres, ces sculpteurs et ces photographes, originaires de Bailly et de Noisy le Roi, exposent leurs travaux \u00e0 la villa Eugenia du 2 au 30 juin. Environ une centaine d \u0153uvres est install\u00e9e dans [&hellip;]\" \/>\n<meta property=\"og:url\" content=\"https:\/\/cjnrb.fr\/cjnrb_fr\/exposition-a-godella\/\" \/>\n<meta property=\"og:site_name\" content=\"Jumelage Noisy le Roi \/ Bailly\" \/>\n<meta property=\"article:published_time\" content=\"2023-05-26T13:30:27+00:00\" \/>\n<meta property=\"article:modified_time\" content=\"2023-06-05T10:42:51+00:00\" \/>\n<meta property=\"og:image\" content=\"https:\/\/cjnrb.fr\/cjnrb_fr\/wp-content\/uploads\/2023\/05\/Affiche-Expo-GODELLA-Fr.jpg\" \/>\n\t<meta property=\"og:image:width\" content=\"774\" \/>\n\t<meta property=\"og:image:height\" content=\"1000\" \/>\n\t<meta property=\"og:image:type\" content=\"image\/jpeg\" \/>\n<meta name=\"twitter:card\" content=\"summary_large_image\" \/>\n<meta name=\"twitter:label1\" content=\"\u00c9crit par\" \/>\n\t<meta name=\"twitter:data1\" content=\"francois\" \/>\n\t<meta name=\"twitter:label2\" content=\"Dur\u00e9e de lecture estim\u00e9e\" \/>\n\t<meta name=\"twitter:data2\" content=\"1 minute\" \/>\n<script type=\"application\/ld+json\" class=\"yoast-schema-graph\">{\"@context\":\"https:\/\/schema.org\",\"@graph\":[{\"@type\":\"WebSite\",\"@id\":\"https:\/\/cjnrb.fr\/cjnrb_fr\/#website\",\"url\":\"https:\/\/cjnrb.fr\/cjnrb_fr\/\",\"name\":\"Jumelage Noisy le Roi \/ Bailly\",\"description\":\"\u00e9changes dans les domaines scolaires, culturels, sportifs, \u00e9conomiques et environnementaux avec les villes d\u2019Albion (USA) et Godella (Espagne) \",\"potentialAction\":[{\"@type\":\"SearchAction\",\"target\":{\"@type\":\"EntryPoint\",\"urlTemplate\":\"https:\/\/cjnrb.fr\/cjnrb_fr\/?s={search_term_string}\"},\"query-input\":\"required name=search_term_string\"}],\"inLanguage\":\"fr-FR\"},{\"@type\":\"ImageObject\",\"@id\":\"https:\/\/cjnrb.fr\/cjnrb_fr\/exposition-a-godella\/#primaryimage\",\"inLanguage\":\"fr-FR\",\"url\":\"https:\/\/cjnrb.fr\/cjnrb_fr\/wp-content\/uploads\/2023\/05\/Affiche-Expo-GODELLA-Fr.jpg\",\"contentUrl\":\"https:\/\/cjnrb.fr\/cjnrb_fr\/wp-content\/uploads\/2023\/05\/Affiche-Expo-GODELLA-Fr.jpg\",\"width\":774,\"height\":1000},{\"@type\":\"WebPage\",\"@id\":\"https:\/\/cjnrb.fr\/cjnrb_fr\/exposition-a-godella\/#webpage\",\"url\":\"https:\/\/cjnrb.fr\/cjnrb_fr\/exposition-a-godella\/\",\"name\":\"Exposition \u00e0 Godella - Jumelage Noisy le Roi \/ Bailly\",\"isPartOf\":{\"@id\":\"https:\/\/cjnrb.fr\/cjnrb_fr\/#website\"},\"primaryImageOfPage\":{\"@id\":\"https:\/\/cjnrb.fr\/cjnrb_fr\/exposition-a-godella\/#primaryimage\"},\"datePublished\":\"2023-05-26T13:30:27+00:00\",\"dateModified\":\"2023-06-05T10:42:51+00:00\",\"author\":{\"@id\":\"https:\/\/cjnrb.fr\/cjnrb_fr\/#\/schema\/person\/1d7e5959ede7cd403648c23fbf7a224c\"},\"breadcrumb\":{\"@id\":\"https:\/\/cjnrb.fr\/cjnrb_fr\/exposition-a-godella\/#breadcrumb\"},\"inLanguage\":\"fr-FR\",\"potentialAction\":[{\"@type\":\"ReadAction\",\"target\":[\"https:\/\/cjnrb.fr\/cjnrb_fr\/exposition-a-godella\/\"]}]},{\"@type\":\"BreadcrumbList\",\"@id\":\"https:\/\/cjnrb.fr\/cjnrb_fr\/exposition-a-godella\/#breadcrumb\",\"itemListElement\":[{\"@type\":\"ListItem\",\"position\":1,\"name\":\"Accueil\",\"item\":\"https:\/\/cjnrb.fr\/cjnrb_fr\/\"},{\"@type\":\"ListItem\",\"position\":2,\"name\":\"Exposition \u00e0 Godella\"}]},{\"@type\":\"Person\",\"@id\":\"https:\/\/cjnrb.fr\/cjnrb_fr\/#\/schema\/person\/1d7e5959ede7cd403648c23fbf7a224c\",\"name\":\"francois\",\"image\":{\"@type\":\"ImageObject\",\"@id\":\"https:\/\/cjnrb.fr\/cjnrb_fr\/#personlogo\",\"inLanguage\":\"fr-FR\",\"url\":\"https:\/\/secure.gravatar.com\/avatar\/89e31bd17b28c77cebe20b6999903d3a?s=96&d=mm&r=g\",\"contentUrl\":\"https:\/\/secure.gravatar.com\/avatar\/89e31bd17b28c77cebe20b6999903d3a?s=96&d=mm&r=g\",\"caption\":\"francois\"},\"url\":\"https:\/\/cjnrb.fr\/cjnrb_fr\/author\/francois\/\"}]}<\/script>\n<!-- \/ Yoast SEO plugin. -->","yoast_head_json":{"title":"Exposition \u00e0 Godella - Jumelage Noisy le Roi \/ Bailly","robots":{"index":"index","follow":"follow","max-snippet":"max-snippet:-1","max-image-preview":"max-image-preview:large","max-video-preview":"max-video-preview:-1"},"canonical":"https:\/\/cjnrb.fr\/cjnrb_fr\/exposition-a-godella\/","og_locale":"fr_FR","og_type":"article","og_title":"Exposition \u00e0 Godella - Jumelage Noisy le Roi \/ Bailly","og_description":"Le comit\u00e9 de jumelage est heureux de pr\u00e9senter \u00e0 Godella, pour la premi\u00e8re fois, les \u0153uvres d&rsquo;une quinzaine d&rsquo;artistes fran\u00e7ais. Ces peintres, ces sculpteurs et ces photographes, originaires de Bailly et de Noisy le Roi, exposent leurs travaux \u00e0 la villa Eugenia du 2 au 30 juin. Environ une centaine d \u0153uvres est install\u00e9e dans [&hellip;]","og_url":"https:\/\/cjnrb.fr\/cjnrb_fr\/exposition-a-godella\/","og_site_name":"Jumelage Noisy le Roi \/ Bailly","article_published_time":"2023-05-26T13:30:27+00:00","article_modified_time":"2023-06-05T10:42:51+00:00","og_image":[{"width":774,"height":1000,"url":"https:\/\/cjnrb.fr\/cjnrb_fr\/wp-content\/uploads\/2023\/05\/Affiche-Expo-GODELLA-Fr.jpg","type":"image\/jpeg"}],"twitter_card":"summary_large_image","twitter_misc":{"\u00c9crit par":"francois","Dur\u00e9e de lecture estim\u00e9e":"1 minute"},"schema":{"@context":"https:\/\/schema.org","@graph":[{"@type":"WebSite","@id":"https:\/\/cjnrb.fr\/cjnrb_fr\/#website","url":"https:\/\/cjnrb.fr\/cjnrb_fr\/","name":"Jumelage Noisy le Roi \/ Bailly","description":"\u00e9changes dans les domaines scolaires, culturels, sportifs, \u00e9conomiques et environnementaux avec les villes d\u2019Albion (USA) et Godella (Espagne) ","potentialAction":[{"@type":"SearchAction","target":{"@type":"EntryPoint","urlTemplate":"https:\/\/cjnrb.fr\/cjnrb_fr\/?s={search_term_string}"},"query-input":"required name=search_term_string"}],"inLanguage":"fr-FR"},{"@type":"ImageObject","@id":"https:\/\/cjnrb.fr\/cjnrb_fr\/exposition-a-godella\/#primaryimage","inLanguage":"fr-FR","url":"https:\/\/cjnrb.fr\/cjnrb_fr\/wp-content\/uploads\/2023\/05\/Affiche-Expo-GODELLA-Fr.jpg","contentUrl":"https:\/\/cjnrb.fr\/cjnrb_fr\/wp-content\/uploads\/2023\/05\/Affiche-Expo-GODELLA-Fr.jpg","width":774,"height":1000},{"@type":"WebPage","@id":"https:\/\/cjnrb.fr\/cjnrb_fr\/exposition-a-godella\/#webpage","url":"https:\/\/cjnrb.fr\/cjnrb_fr\/exposition-a-godella\/","name":"Exposition \u00e0 Godella - Jumelage Noisy le Roi \/ Bailly","isPartOf":{"@id":"https:\/\/cjnrb.fr\/cjnrb_fr\/#website"},"primaryImageOfPage":{"@id":"https:\/\/cjnrb.fr\/cjnrb_fr\/exposition-a-godella\/#primaryimage"},"datePublished":"2023-05-26T13:30:27+00:00","dateModified":"2023-06-05T10:42:51+00:00","author":{"@id":"https:\/\/cjnrb.fr\/cjnrb_fr\/#\/schema\/person\/1d7e5959ede7cd403648c23fbf7a224c"},"breadcrumb":{"@id":"https:\/\/cjnrb.fr\/cjnrb_fr\/exposition-a-godella\/#breadcrumb"},"inLanguage":"fr-FR","potentialAction":[{"@type":"ReadAction","target":["https:\/\/cjnrb.fr\/cjnrb_fr\/exposition-a-godella\/"]}]},{"@type":"BreadcrumbList","@id":"https:\/\/cjnrb.fr\/cjnrb_fr\/exposition-a-godella\/#breadcrumb","itemListElement":[{"@type":"ListItem","position":1,"name":"Accueil","item":"https:\/\/cjnrb.fr\/cjnrb_fr\/"},{"@type":"ListItem","position":2,"name":"Exposition \u00e0 Godella"}]},{"@type":"Person","@id":"https:\/\/cjnrb.fr\/cjnrb_fr\/#\/schema\/person\/1d7e5959ede7cd403648c23fbf7a224c","name":"francois","image":{"@type":"ImageObject","@id":"https:\/\/cjnrb.fr\/cjnrb_fr\/#personlogo","inLanguage":"fr-FR","url":"https:\/\/secure.gravatar.com\/avatar\/89e31bd17b28c77cebe20b6999903d3a?s=96&d=mm&r=g","contentUrl":"https:\/\/secure.gravatar.com\/avatar\/89e31bd17b28c77cebe20b6999903d3a?s=96&d=mm&r=g","caption":"francois"},"url":"https:\/\/cjnrb.fr\/cjnrb_fr\/author\/francois\/"}]}},"_links":{"self":[{"href":"https:\/\/cjnrb.fr\/cjnrb_fr\/wp-json\/wp\/v2\/posts\/5065"}],"collection":[{"href":"https:\/\/cjnrb.fr\/cjnrb_fr\/wp-json\/wp\/v2\/posts"}],"about":[{"href":"https:\/\/cjnrb.fr\/cjnrb_fr\/wp-json\/wp\/v2\/types\/post"}],"author":[{"embeddable":true,"href":"https:\/\/cjnrb.fr\/cjnrb_fr\/wp-json\/wp\/v2\/users\/1"}],"replies":[{"embeddable":true,"href":"https:\/\/cjnrb.fr\/cjnrb_fr\/wp-json\/wp\/v2\/comments?post=5065"}],"version-history":[{"count":6,"href":"https:\/\/cjnrb.fr\/cjnrb_fr\/wp-json\/wp\/v2\/posts\/5065\/revisions"}],"predecessor-version":[{"id":5098,"href":"https:\/\/cjnrb.fr\/cjnrb_fr\/wp-json\/wp\/v2\/posts\/5065\/revisions\/5098"}],"wp:featuredmedia":[{"embeddable":true,"href":"https:\/\/cjnrb.fr\/cjnrb_fr\/wp-json\/wp\/v2\/media\/5066"}],"wp:attachment":[{"href":"https:\/\/cjnrb.fr\/cjnrb_fr\/wp-json\/wp\/v2\/media?parent=5065"}],"wp:term":[{"taxonomy":"category","embeddable":true,"href":"https:\/\/cjnrb.fr\/cjnrb_fr\/wp-json\/wp\/v2\/categories?post=5065"},{"taxonomy":"post_tag","embeddable":true,"href":"https:\/\/cjnrb.fr\/cjnrb_fr\/wp-json\/wp\/v2\/tags?post=5065"}],"curies":[{"name":"wp","href":"https:\/\/api.w.org\/{rel}","templated":true}]}}