{"id":5047,"date":"2023-03-12T17:02:48","date_gmt":"2023-03-12T16:02:48","guid":{"rendered":"https:\/\/cjnrb.fr\/cjnrb_fr\/?p=5047"},"modified":"2023-03-12T17:02:48","modified_gmt":"2023-03-12T16:02:48","slug":"voyage-des-basketteuses-de-lasbb-noisy-bailly-a-albion","status":"publish","type":"post","link":"https:\/\/cjnrb.fr\/cjnrb_fr\/voyage-des-basketteuses-de-lasbb-noisy-bailly-a-albion\/","title":{"rendered":"Voyage des basketteuses de l&rsquo;ASBB Noisy\/Bailly \u00e0 Albion"},"content":{"rendered":"<p><strong>Dans le cadre du jumelage notre \u00e9quipe cadettes \u00e0 eu la formidable opportunit\u00e9 de partir une semaine \u00e0 Albion fin octobre d\u00e9but novembre 2022.<\/strong><\/p>\n<p>Un s\u00e9jour enrichissant au sein de familles d&rsquo;accueil bienveillantes avec au programme des \u00e9changes culturels avec les \u00e9tudiants de l&rsquo;universit\u00e9 d&rsquo;Albion, des animations, de nombreuses visites de la r\u00e9gion et bien \u00e9videmment de tr\u00e8s difficiles d\u00e9fis basket contre les \u00e9quipes du Michigan, le tout parfaitement organis\u00e9 par le comit\u00e9 de jumelage.<\/p>\n<p>Un magnifique voyage socio culturel et sportif qui restera \u00e0 jamais grav\u00e9 dans la m\u00e9moire de nos filles.<\/p>\n<p>Laurent Daurces<\/p>\n","protected":false},"excerpt":{"rendered":"<p>Dans le cadre du jumelage notre \u00e9quipe cadettes \u00e0 eu la formidable opportunit\u00e9 de partir une semaine \u00e0 Albion fin octobre d\u00e9but novembre 2022. Un s\u00e9jour enrichissant au sein de familles d&rsquo;accueil bienveillantes avec au programme des \u00e9changes culturels avec les \u00e9tudiants de l&rsquo;universit\u00e9 d&rsquo;Albion, des animations, de nombreuses visites de la r\u00e9gion et bien [&hellip;]<\/p>\n","protected":false},"author":1,"featured_media":5048,"comment_status":"closed","ping_status":"open","sticky":false,"template":"","format":"standard","meta":[],"categories":[17],"tags":[],"yoast_head":"<!-- This site is optimized with the Yoast SEO plugin v18.5.1 - https:\/\/yoast.com\/wordpress\/plugins\/seo\/ -->\n<title>Voyage des basketteuses de l&#039;ASBB Noisy\/Bailly \u00e0 Albion - Jumelage Noisy le Roi \/ Bailly<\/title>\n<meta name=\"robots\" content=\"index, follow, max-snippet:-1, max-image-preview:large, max-video-preview:-1\" \/>\n<link rel=\"canonical\" href=\"https:\/\/cjnrb.fr\/cjnrb_fr\/voyage-des-basketteuses-de-lasbb-noisy-bailly-a-albion\/\" \/>\n<meta property=\"og:locale\" content=\"fr_FR\" \/>\n<meta property=\"og:type\" content=\"article\" \/>\n<meta property=\"og:title\" content=\"Voyage des basketteuses de l&#039;ASBB Noisy\/Bailly \u00e0 Albion - Jumelage Noisy le Roi \/ Bailly\" \/>\n<meta property=\"og:description\" content=\"Dans le cadre du jumelage notre \u00e9quipe cadettes \u00e0 eu la formidable opportunit\u00e9 de partir une semaine \u00e0 Albion fin octobre d\u00e9but novembre 2022. Un s\u00e9jour enrichissant au sein de familles d&rsquo;accueil bienveillantes avec au programme des \u00e9changes culturels avec les \u00e9tudiants de l&rsquo;universit\u00e9 d&rsquo;Albion, des animations, de nombreuses visites de la r\u00e9gion et bien [&hellip;]\" \/>\n<meta property=\"og:url\" content=\"https:\/\/cjnrb.fr\/cjnrb_fr\/voyage-des-basketteuses-de-lasbb-noisy-bailly-a-albion\/\" \/>\n<meta property=\"og:site_name\" content=\"Jumelage Noisy le Roi \/ Bailly\" \/>\n<meta property=\"article:published_time\" content=\"2023-03-12T16:02:48+00:00\" \/>\n<meta property=\"og:image\" content=\"https:\/\/cjnrb.fr\/cjnrb_fr\/wp-content\/uploads\/2023\/03\/basketeuses-2022.png\" \/>\n\t<meta property=\"og:image:width\" content=\"926\" \/>\n\t<meta property=\"og:image:height\" content=\"692\" \/>\n\t<meta property=\"og:image:type\" content=\"image\/png\" \/>\n<meta name=\"twitter:card\" content=\"summary_large_image\" \/>\n<meta name=\"twitter:label1\" content=\"\u00c9crit par\" \/>\n\t<meta name=\"twitter:data1\" content=\"francois\" \/>\n<script type=\"application\/ld+json\" class=\"yoast-schema-graph\">{\"@context\":\"https:\/\/schema.org\",\"@graph\":[{\"@type\":\"WebSite\",\"@id\":\"https:\/\/cjnrb.fr\/cjnrb_fr\/#website\",\"url\":\"https:\/\/cjnrb.fr\/cjnrb_fr\/\",\"name\":\"Jumelage Noisy le Roi \/ Bailly\",\"description\":\"\u00e9changes dans les domaines scolaires, culturels, sportifs, \u00e9conomiques et environnementaux avec les villes d\u2019Albion (USA) et Godella (Espagne) \",\"potentialAction\":[{\"@type\":\"SearchAction\",\"target\":{\"@type\":\"EntryPoint\",\"urlTemplate\":\"https:\/\/cjnrb.fr\/cjnrb_fr\/?s={search_term_string}\"},\"query-input\":\"required name=search_term_string\"}],\"inLanguage\":\"fr-FR\"},{\"@type\":\"ImageObject\",\"@id\":\"https:\/\/cjnrb.fr\/cjnrb_fr\/voyage-des-basketteuses-de-lasbb-noisy-bailly-a-albion\/#primaryimage\",\"inLanguage\":\"fr-FR\",\"url\":\"https:\/\/cjnrb.fr\/cjnrb_fr\/wp-content\/uploads\/2023\/03\/basketeuses-2022.png\",\"contentUrl\":\"https:\/\/cjnrb.fr\/cjnrb_fr\/wp-content\/uploads\/2023\/03\/basketeuses-2022.png\",\"width\":926,\"height\":692},{\"@type\":\"WebPage\",\"@id\":\"https:\/\/cjnrb.fr\/cjnrb_fr\/voyage-des-basketteuses-de-lasbb-noisy-bailly-a-albion\/#webpage\",\"url\":\"https:\/\/cjnrb.fr\/cjnrb_fr\/voyage-des-basketteuses-de-lasbb-noisy-bailly-a-albion\/\",\"name\":\"Voyage des basketteuses de l'ASBB Noisy\/Bailly \u00e0 Albion - Jumelage Noisy le Roi \/ Bailly\",\"isPartOf\":{\"@id\":\"https:\/\/cjnrb.fr\/cjnrb_fr\/#website\"},\"primaryImageOfPage\":{\"@id\":\"https:\/\/cjnrb.fr\/cjnrb_fr\/voyage-des-basketteuses-de-lasbb-noisy-bailly-a-albion\/#primaryimage\"},\"datePublished\":\"2023-03-12T16:02:48+00:00\",\"dateModified\":\"2023-03-12T16:02:48+00:00\",\"author\":{\"@id\":\"https:\/\/cjnrb.fr\/cjnrb_fr\/#\/schema\/person\/1d7e5959ede7cd403648c23fbf7a224c\"},\"breadcrumb\":{\"@id\":\"https:\/\/cjnrb.fr\/cjnrb_fr\/voyage-des-basketteuses-de-lasbb-noisy-bailly-a-albion\/#breadcrumb\"},\"inLanguage\":\"fr-FR\",\"potentialAction\":[{\"@type\":\"ReadAction\",\"target\":[\"https:\/\/cjnrb.fr\/cjnrb_fr\/voyage-des-basketteuses-de-lasbb-noisy-bailly-a-albion\/\"]}]},{\"@type\":\"BreadcrumbList\",\"@id\":\"https:\/\/cjnrb.fr\/cjnrb_fr\/voyage-des-basketteuses-de-lasbb-noisy-bailly-a-albion\/#breadcrumb\",\"itemListElement\":[{\"@type\":\"ListItem\",\"position\":1,\"name\":\"Accueil\",\"item\":\"https:\/\/cjnrb.fr\/cjnrb_fr\/\"},{\"@type\":\"ListItem\",\"position\":2,\"name\":\"Voyage des basketteuses de l&rsquo;ASBB Noisy\/Bailly \u00e0 Albion\"}]},{\"@type\":\"Person\",\"@id\":\"https:\/\/cjnrb.fr\/cjnrb_fr\/#\/schema\/person\/1d7e5959ede7cd403648c23fbf7a224c\",\"name\":\"francois\",\"image\":{\"@type\":\"ImageObject\",\"@id\":\"https:\/\/cjnrb.fr\/cjnrb_fr\/#personlogo\",\"inLanguage\":\"fr-FR\",\"url\":\"https:\/\/secure.gravatar.com\/avatar\/89e31bd17b28c77cebe20b6999903d3a?s=96&d=mm&r=g\",\"contentUrl\":\"https:\/\/secure.gravatar.com\/avatar\/89e31bd17b28c77cebe20b6999903d3a?s=96&d=mm&r=g\",\"caption\":\"francois\"},\"url\":\"https:\/\/cjnrb.fr\/cjnrb_fr\/author\/francois\/\"}]}<\/script>\n<!-- \/ Yoast SEO plugin. -->","yoast_head_json":{"title":"Voyage des basketteuses de l'ASBB Noisy\/Bailly \u00e0 Albion - Jumelage Noisy le Roi \/ Bailly","robots":{"index":"index","follow":"follow","max-snippet":"max-snippet:-1","max-image-preview":"max-image-preview:large","max-video-preview":"max-video-preview:-1"},"canonical":"https:\/\/cjnrb.fr\/cjnrb_fr\/voyage-des-basketteuses-de-lasbb-noisy-bailly-a-albion\/","og_locale":"fr_FR","og_type":"article","og_title":"Voyage des basketteuses de l'ASBB Noisy\/Bailly \u00e0 Albion - Jumelage Noisy le Roi \/ Bailly","og_description":"Dans le cadre du jumelage notre \u00e9quipe cadettes \u00e0 eu la formidable opportunit\u00e9 de partir une semaine \u00e0 Albion fin octobre d\u00e9but novembre 2022. Un s\u00e9jour enrichissant au sein de familles d&rsquo;accueil bienveillantes avec au programme des \u00e9changes culturels avec les \u00e9tudiants de l&rsquo;universit\u00e9 d&rsquo;Albion, des animations, de nombreuses visites de la r\u00e9gion et bien [&hellip;]","og_url":"https:\/\/cjnrb.fr\/cjnrb_fr\/voyage-des-basketteuses-de-lasbb-noisy-bailly-a-albion\/","og_site_name":"Jumelage Noisy le Roi \/ Bailly","article_published_time":"2023-03-12T16:02:48+00:00","og_image":[{"width":926,"height":692,"url":"https:\/\/cjnrb.fr\/cjnrb_fr\/wp-content\/uploads\/2023\/03\/basketeuses-2022.png","type":"image\/png"}],"twitter_card":"summary_large_image","twitter_misc":{"\u00c9crit par":"francois"},"schema":{"@context":"https:\/\/schema.org","@graph":[{"@type":"WebSite","@id":"https:\/\/cjnrb.fr\/cjnrb_fr\/#website","url":"https:\/\/cjnrb.fr\/cjnrb_fr\/","name":"Jumelage Noisy le Roi \/ Bailly","description":"\u00e9changes dans les domaines scolaires, culturels, sportifs, \u00e9conomiques et environnementaux avec les villes d\u2019Albion (USA) et Godella (Espagne) ","potentialAction":[{"@type":"SearchAction","target":{"@type":"EntryPoint","urlTemplate":"https:\/\/cjnrb.fr\/cjnrb_fr\/?s={search_term_string}"},"query-input":"required name=search_term_string"}],"inLanguage":"fr-FR"},{"@type":"ImageObject","@id":"https:\/\/cjnrb.fr\/cjnrb_fr\/voyage-des-basketteuses-de-lasbb-noisy-bailly-a-albion\/#primaryimage","inLanguage":"fr-FR","url":"https:\/\/cjnrb.fr\/cjnrb_fr\/wp-content\/uploads\/2023\/03\/basketeuses-2022.png","contentUrl":"https:\/\/cjnrb.fr\/cjnrb_fr\/wp-content\/uploads\/2023\/03\/basketeuses-2022.png","width":926,"height":692},{"@type":"WebPage","@id":"https:\/\/cjnrb.fr\/cjnrb_fr\/voyage-des-basketteuses-de-lasbb-noisy-bailly-a-albion\/#webpage","url":"https:\/\/cjnrb.fr\/cjnrb_fr\/voyage-des-basketteuses-de-lasbb-noisy-bailly-a-albion\/","name":"Voyage des basketteuses de l'ASBB Noisy\/Bailly \u00e0 Albion - Jumelage Noisy le Roi \/ Bailly","isPartOf":{"@id":"https:\/\/cjnrb.fr\/cjnrb_fr\/#website"},"primaryImageOfPage":{"@id":"https:\/\/cjnrb.fr\/cjnrb_fr\/voyage-des-basketteuses-de-lasbb-noisy-bailly-a-albion\/#primaryimage"},"datePublished":"2023-03-12T16:02:48+00:00","dateModified":"2023-03-12T16:02:48+00:00","author":{"@id":"https:\/\/cjnrb.fr\/cjnrb_fr\/#\/schema\/person\/1d7e5959ede7cd403648c23fbf7a224c"},"breadcrumb":{"@id":"https:\/\/cjnrb.fr\/cjnrb_fr\/voyage-des-basketteuses-de-lasbb-noisy-bailly-a-albion\/#breadcrumb"},"inLanguage":"fr-FR","potentialAction":[{"@type":"ReadAction","target":["https:\/\/cjnrb.fr\/cjnrb_fr\/voyage-des-basketteuses-de-lasbb-noisy-bailly-a-albion\/"]}]},{"@type":"BreadcrumbList","@id":"https:\/\/cjnrb.fr\/cjnrb_fr\/voyage-des-basketteuses-de-lasbb-noisy-bailly-a-albion\/#breadcrumb","itemListElement":[{"@type":"ListItem","position":1,"name":"Accueil","item":"https:\/\/cjnrb.fr\/cjnrb_fr\/"},{"@type":"ListItem","position":2,"name":"Voyage des basketteuses de l&rsquo;ASBB Noisy\/Bailly \u00e0 Albion"}]},{"@type":"Person","@id":"https:\/\/cjnrb.fr\/cjnrb_fr\/#\/schema\/person\/1d7e5959ede7cd403648c23fbf7a224c","name":"francois","image":{"@type":"ImageObject","@id":"https:\/\/cjnrb.fr\/cjnrb_fr\/#personlogo","inLanguage":"fr-FR","url":"https:\/\/secure.gravatar.com\/avatar\/89e31bd17b28c77cebe20b6999903d3a?s=96&d=mm&r=g","contentUrl":"https:\/\/secure.gravatar.com\/avatar\/89e31bd17b28c77cebe20b6999903d3a?s=96&d=mm&r=g","caption":"francois"},"url":"https:\/\/cjnrb.fr\/cjnrb_fr\/author\/francois\/"}]}},"_links":{"self":[{"href":"https:\/\/cjnrb.fr\/cjnrb_fr\/wp-json\/wp\/v2\/posts\/5047"}],"collection":[{"href":"https:\/\/cjnrb.fr\/cjnrb_fr\/wp-json\/wp\/v2\/posts"}],"about":[{"href":"https:\/\/cjnrb.fr\/cjnrb_fr\/wp-json\/wp\/v2\/types\/post"}],"author":[{"embeddable":true,"href":"https:\/\/cjnrb.fr\/cjnrb_fr\/wp-json\/wp\/v2\/users\/1"}],"replies":[{"embeddable":true,"href":"https:\/\/cjnrb.fr\/cjnrb_fr\/wp-json\/wp\/v2\/comments?post=5047"}],"version-history":[{"count":1,"href":"https:\/\/cjnrb.fr\/cjnrb_fr\/wp-json\/wp\/v2\/posts\/5047\/revisions"}],"predecessor-version":[{"id":5049,"href":"https:\/\/cjnrb.fr\/cjnrb_fr\/wp-json\/wp\/v2\/posts\/5047\/revisions\/5049"}],"wp:featuredmedia":[{"embeddable":true,"href":"https:\/\/cjnrb.fr\/cjnrb_fr\/wp-json\/wp\/v2\/media\/5048"}],"wp:attachment":[{"href":"https:\/\/cjnrb.fr\/cjnrb_fr\/wp-json\/wp\/v2\/media?parent=5047"}],"wp:term":[{"taxonomy":"category","embeddable":true,"href":"https:\/\/cjnrb.fr\/cjnrb_fr\/wp-json\/wp\/v2\/categories?post=5047"},{"taxonomy":"post_tag","embeddable":true,"href":"https:\/\/cjnrb.fr\/cjnrb_fr\/wp-json\/wp\/v2\/tags?post=5047"}],"curies":[{"name":"wp","href":"https:\/\/api.w.org\/{rel}","templated":true}]}}