{"id":4563,"date":"2019-11-07T11:53:17","date_gmt":"2019-11-07T10:53:17","guid":{"rendered":"http:\/\/cjnrb.fr\/cjnrb_fr\/?p=4563"},"modified":"2019-11-09T11:26:28","modified_gmt":"2019-11-09T10:26:28","slug":"sejour-de-mme-betty-okwako-riekkola-du-25-au-28-juin-2019","status":"publish","type":"post","link":"https:\/\/cjnrb.fr\/cjnrb_fr\/sejour-de-mme-betty-okwako-riekkola-du-25-au-28-juin-2019\/","title":{"rendered":"S\u00e9jour de Mme Betty Okwako Riekkola du 25 au 28 juin 2019"},"content":{"rendered":"<p>&nbsp;<\/p>\n<p><strong>Mme Betty Okwako Riekkola est Professor Assistant dans le D\u00e9partement d\u2019\u00e9ducation \u00e0 Albion College.<\/strong><\/p>\n<p>&nbsp;<\/p>\n<p>L\u2019objectif de sa visite \u00e9tait d\u2019identifier des \u00e9coles autour des communes de Noisy-le-Roi et Bailly pour mettre en place un \u00e9change scolaire entre des \u00e9tudiants en formation \u00ab\u00a0enseignant\u00bb et les \u00e9coles de Noisy et Bailly.<\/p>\n<p>En s\u2019appuyant sur la relation entre les 2 comit\u00e9s de jumelage et sur l\u2019ancien programme existant, Albion College souhaite renouveler celui-ci apr\u00e8s 10 ans d\u2019\u00e9changes. L\u2019objectif est de donner la possibilit\u00e9 \u00e0 des \u00e9tudiants en sciences de l\u2019\u00e9ducation d\u2019Albion College d\u2019observer le syst\u00e8me d\u2019\u00e9ducation fran\u00e7ais en participant \u00e0 des enseignements dans des \u00e9coles de Noisy\/ Bailly, d\u2019y donner un ou deux cours et d\u2019en tirer le meilleur pour enrichir leur programme d\u2019enseignement. Cette d\u00e9marche fait partie du <em>Global Education Engagement Program<\/em> qu\u2019ils sont souhait\u00e9 faire \u00e9voluer.<\/p>\n<p>Ainsi, elle a pu rencontrer diff\u00e9rents responsables des \u00e9coles primaires de Bailly et Noisy et du college.<\/p>\n<p>Mme Betty Okwako Riekkola fera un rapport de sa visite, qu\u2019elle doit discuter dans un premier temps avec ses coll\u00e8gues et les autorit\u00e9s d\u2019Albion College, Elle le pr\u00e9sentera ensuite lors d\u2019une r\u00e9union du Comit\u00e9 de jumelage \u00e0 Albion.<\/p>\n","protected":false},"excerpt":{"rendered":"<p>&nbsp; Mme Betty Okwako Riekkola est Professor Assistant dans le D\u00e9partement d\u2019\u00e9ducation \u00e0 Albion College. &nbsp; L\u2019objectif de sa visite \u00e9tait d\u2019identifier des \u00e9coles autour des communes de Noisy-le-Roi et Bailly pour mettre en place un \u00e9change scolaire entre des \u00e9tudiants en formation \u00ab\u00a0enseignant\u00bb et les \u00e9coles de Noisy et Bailly. En s\u2019appuyant sur la [&hellip;]<\/p>\n","protected":false},"author":1,"featured_media":4582,"comment_status":"closed","ping_status":"open","sticky":false,"template":"","format":"standard","meta":[],"categories":[17],"tags":[],"yoast_head":"<!-- This site is optimized with the Yoast SEO plugin v18.5.1 - https:\/\/yoast.com\/wordpress\/plugins\/seo\/ -->\n<title>S\u00e9jour de Mme Betty Okwako Riekkola du 25 au 28 juin 2019 - Jumelage Noisy le Roi \/ Bailly<\/title>\n<meta name=\"robots\" content=\"index, follow, max-snippet:-1, max-image-preview:large, max-video-preview:-1\" \/>\n<link rel=\"canonical\" href=\"https:\/\/cjnrb.fr\/cjnrb_fr\/sejour-de-mme-betty-okwako-riekkola-du-25-au-28-juin-2019\/\" \/>\n<meta property=\"og:locale\" content=\"fr_FR\" \/>\n<meta property=\"og:type\" content=\"article\" \/>\n<meta property=\"og:title\" content=\"S\u00e9jour de Mme Betty Okwako Riekkola du 25 au 28 juin 2019 - Jumelage Noisy le Roi \/ Bailly\" \/>\n<meta property=\"og:description\" content=\"&nbsp; Mme Betty Okwako Riekkola est Professor Assistant dans le D\u00e9partement d\u2019\u00e9ducation \u00e0 Albion College. &nbsp; L\u2019objectif de sa visite \u00e9tait d\u2019identifier des \u00e9coles autour des communes de Noisy-le-Roi et Bailly pour mettre en place un \u00e9change scolaire entre des \u00e9tudiants en formation \u00ab\u00a0enseignant\u00bb et les \u00e9coles de Noisy et Bailly. En s\u2019appuyant sur la [&hellip;]\" \/>\n<meta property=\"og:url\" content=\"https:\/\/cjnrb.fr\/cjnrb_fr\/sejour-de-mme-betty-okwako-riekkola-du-25-au-28-juin-2019\/\" \/>\n<meta property=\"og:site_name\" content=\"Jumelage Noisy le Roi \/ Bailly\" \/>\n<meta property=\"article:published_time\" content=\"2019-11-07T10:53:17+00:00\" \/>\n<meta property=\"article:modified_time\" content=\"2019-11-09T10:26:28+00:00\" \/>\n<meta property=\"og:image\" content=\"https:\/\/cjnrb.fr\/cjnrb_fr\/wp-content\/uploads\/2019\/11\/IMG-4098-2.jpg\" \/>\n\t<meta property=\"og:image:width\" content=\"198\" \/>\n\t<meta property=\"og:image:height\" content=\"479\" \/>\n\t<meta property=\"og:image:type\" content=\"image\/jpeg\" \/>\n<meta name=\"twitter:card\" content=\"summary_large_image\" \/>\n<meta name=\"twitter:label1\" content=\"\u00c9crit par\" \/>\n\t<meta name=\"twitter:data1\" content=\"francois\" \/>\n\t<meta name=\"twitter:label2\" content=\"Dur\u00e9e de lecture estim\u00e9e\" \/>\n\t<meta name=\"twitter:data2\" content=\"1 minute\" \/>\n<script type=\"application\/ld+json\" class=\"yoast-schema-graph\">{\"@context\":\"https:\/\/schema.org\",\"@graph\":[{\"@type\":\"WebSite\",\"@id\":\"https:\/\/cjnrb.fr\/cjnrb_fr\/#website\",\"url\":\"https:\/\/cjnrb.fr\/cjnrb_fr\/\",\"name\":\"Jumelage Noisy le Roi \/ Bailly\",\"description\":\"\u00e9changes dans les domaines scolaires, culturels, sportifs, \u00e9conomiques et environnementaux avec les villes d\u2019Albion (USA) et Godella (Espagne) \",\"potentialAction\":[{\"@type\":\"SearchAction\",\"target\":{\"@type\":\"EntryPoint\",\"urlTemplate\":\"https:\/\/cjnrb.fr\/cjnrb_fr\/?s={search_term_string}\"},\"query-input\":\"required name=search_term_string\"}],\"inLanguage\":\"fr-FR\"},{\"@type\":\"ImageObject\",\"@id\":\"https:\/\/cjnrb.fr\/cjnrb_fr\/sejour-de-mme-betty-okwako-riekkola-du-25-au-28-juin-2019\/#primaryimage\",\"inLanguage\":\"fr-FR\",\"url\":\"https:\/\/cjnrb.fr\/cjnrb_fr\/wp-content\/uploads\/2019\/11\/IMG-4098-2.jpg\",\"contentUrl\":\"https:\/\/cjnrb.fr\/cjnrb_fr\/wp-content\/uploads\/2019\/11\/IMG-4098-2.jpg\",\"width\":198,\"height\":479},{\"@type\":\"WebPage\",\"@id\":\"https:\/\/cjnrb.fr\/cjnrb_fr\/sejour-de-mme-betty-okwako-riekkola-du-25-au-28-juin-2019\/#webpage\",\"url\":\"https:\/\/cjnrb.fr\/cjnrb_fr\/sejour-de-mme-betty-okwako-riekkola-du-25-au-28-juin-2019\/\",\"name\":\"S\u00e9jour de Mme Betty Okwako Riekkola du 25 au 28 juin 2019 - Jumelage Noisy le Roi \/ Bailly\",\"isPartOf\":{\"@id\":\"https:\/\/cjnrb.fr\/cjnrb_fr\/#website\"},\"primaryImageOfPage\":{\"@id\":\"https:\/\/cjnrb.fr\/cjnrb_fr\/sejour-de-mme-betty-okwako-riekkola-du-25-au-28-juin-2019\/#primaryimage\"},\"datePublished\":\"2019-11-07T10:53:17+00:00\",\"dateModified\":\"2019-11-09T10:26:28+00:00\",\"author\":{\"@id\":\"https:\/\/cjnrb.fr\/cjnrb_fr\/#\/schema\/person\/1d7e5959ede7cd403648c23fbf7a224c\"},\"breadcrumb\":{\"@id\":\"https:\/\/cjnrb.fr\/cjnrb_fr\/sejour-de-mme-betty-okwako-riekkola-du-25-au-28-juin-2019\/#breadcrumb\"},\"inLanguage\":\"fr-FR\",\"potentialAction\":[{\"@type\":\"ReadAction\",\"target\":[\"https:\/\/cjnrb.fr\/cjnrb_fr\/sejour-de-mme-betty-okwako-riekkola-du-25-au-28-juin-2019\/\"]}]},{\"@type\":\"BreadcrumbList\",\"@id\":\"https:\/\/cjnrb.fr\/cjnrb_fr\/sejour-de-mme-betty-okwako-riekkola-du-25-au-28-juin-2019\/#breadcrumb\",\"itemListElement\":[{\"@type\":\"ListItem\",\"position\":1,\"name\":\"Accueil\",\"item\":\"https:\/\/cjnrb.fr\/cjnrb_fr\/\"},{\"@type\":\"ListItem\",\"position\":2,\"name\":\"S\u00e9jour de Mme Betty Okwako Riekkola du 25 au 28 juin 2019\"}]},{\"@type\":\"Person\",\"@id\":\"https:\/\/cjnrb.fr\/cjnrb_fr\/#\/schema\/person\/1d7e5959ede7cd403648c23fbf7a224c\",\"name\":\"francois\",\"image\":{\"@type\":\"ImageObject\",\"@id\":\"https:\/\/cjnrb.fr\/cjnrb_fr\/#personlogo\",\"inLanguage\":\"fr-FR\",\"url\":\"https:\/\/secure.gravatar.com\/avatar\/89e31bd17b28c77cebe20b6999903d3a?s=96&d=mm&r=g\",\"contentUrl\":\"https:\/\/secure.gravatar.com\/avatar\/89e31bd17b28c77cebe20b6999903d3a?s=96&d=mm&r=g\",\"caption\":\"francois\"},\"url\":\"https:\/\/cjnrb.fr\/cjnrb_fr\/author\/francois\/\"}]}<\/script>\n<!-- \/ Yoast SEO plugin. -->","yoast_head_json":{"title":"S\u00e9jour de Mme Betty Okwako Riekkola du 25 au 28 juin 2019 - Jumelage Noisy le Roi \/ Bailly","robots":{"index":"index","follow":"follow","max-snippet":"max-snippet:-1","max-image-preview":"max-image-preview:large","max-video-preview":"max-video-preview:-1"},"canonical":"https:\/\/cjnrb.fr\/cjnrb_fr\/sejour-de-mme-betty-okwako-riekkola-du-25-au-28-juin-2019\/","og_locale":"fr_FR","og_type":"article","og_title":"S\u00e9jour de Mme Betty Okwako Riekkola du 25 au 28 juin 2019 - Jumelage Noisy le Roi \/ Bailly","og_description":"&nbsp; Mme Betty Okwako Riekkola est Professor Assistant dans le D\u00e9partement d\u2019\u00e9ducation \u00e0 Albion College. &nbsp; L\u2019objectif de sa visite \u00e9tait d\u2019identifier des \u00e9coles autour des communes de Noisy-le-Roi et Bailly pour mettre en place un \u00e9change scolaire entre des \u00e9tudiants en formation \u00ab\u00a0enseignant\u00bb et les \u00e9coles de Noisy et Bailly. En s\u2019appuyant sur la [&hellip;]","og_url":"https:\/\/cjnrb.fr\/cjnrb_fr\/sejour-de-mme-betty-okwako-riekkola-du-25-au-28-juin-2019\/","og_site_name":"Jumelage Noisy le Roi \/ Bailly","article_published_time":"2019-11-07T10:53:17+00:00","article_modified_time":"2019-11-09T10:26:28+00:00","og_image":[{"width":198,"height":479,"url":"https:\/\/cjnrb.fr\/cjnrb_fr\/wp-content\/uploads\/2019\/11\/IMG-4098-2.jpg","type":"image\/jpeg"}],"twitter_card":"summary_large_image","twitter_misc":{"\u00c9crit par":"francois","Dur\u00e9e de lecture estim\u00e9e":"1 minute"},"schema":{"@context":"https:\/\/schema.org","@graph":[{"@type":"WebSite","@id":"https:\/\/cjnrb.fr\/cjnrb_fr\/#website","url":"https:\/\/cjnrb.fr\/cjnrb_fr\/","name":"Jumelage Noisy le Roi \/ Bailly","description":"\u00e9changes dans les domaines scolaires, culturels, sportifs, \u00e9conomiques et environnementaux avec les villes d\u2019Albion (USA) et Godella (Espagne) ","potentialAction":[{"@type":"SearchAction","target":{"@type":"EntryPoint","urlTemplate":"https:\/\/cjnrb.fr\/cjnrb_fr\/?s={search_term_string}"},"query-input":"required name=search_term_string"}],"inLanguage":"fr-FR"},{"@type":"ImageObject","@id":"https:\/\/cjnrb.fr\/cjnrb_fr\/sejour-de-mme-betty-okwako-riekkola-du-25-au-28-juin-2019\/#primaryimage","inLanguage":"fr-FR","url":"https:\/\/cjnrb.fr\/cjnrb_fr\/wp-content\/uploads\/2019\/11\/IMG-4098-2.jpg","contentUrl":"https:\/\/cjnrb.fr\/cjnrb_fr\/wp-content\/uploads\/2019\/11\/IMG-4098-2.jpg","width":198,"height":479},{"@type":"WebPage","@id":"https:\/\/cjnrb.fr\/cjnrb_fr\/sejour-de-mme-betty-okwako-riekkola-du-25-au-28-juin-2019\/#webpage","url":"https:\/\/cjnrb.fr\/cjnrb_fr\/sejour-de-mme-betty-okwako-riekkola-du-25-au-28-juin-2019\/","name":"S\u00e9jour de Mme Betty Okwako Riekkola du 25 au 28 juin 2019 - Jumelage Noisy le Roi \/ Bailly","isPartOf":{"@id":"https:\/\/cjnrb.fr\/cjnrb_fr\/#website"},"primaryImageOfPage":{"@id":"https:\/\/cjnrb.fr\/cjnrb_fr\/sejour-de-mme-betty-okwako-riekkola-du-25-au-28-juin-2019\/#primaryimage"},"datePublished":"2019-11-07T10:53:17+00:00","dateModified":"2019-11-09T10:26:28+00:00","author":{"@id":"https:\/\/cjnrb.fr\/cjnrb_fr\/#\/schema\/person\/1d7e5959ede7cd403648c23fbf7a224c"},"breadcrumb":{"@id":"https:\/\/cjnrb.fr\/cjnrb_fr\/sejour-de-mme-betty-okwako-riekkola-du-25-au-28-juin-2019\/#breadcrumb"},"inLanguage":"fr-FR","potentialAction":[{"@type":"ReadAction","target":["https:\/\/cjnrb.fr\/cjnrb_fr\/sejour-de-mme-betty-okwako-riekkola-du-25-au-28-juin-2019\/"]}]},{"@type":"BreadcrumbList","@id":"https:\/\/cjnrb.fr\/cjnrb_fr\/sejour-de-mme-betty-okwako-riekkola-du-25-au-28-juin-2019\/#breadcrumb","itemListElement":[{"@type":"ListItem","position":1,"name":"Accueil","item":"https:\/\/cjnrb.fr\/cjnrb_fr\/"},{"@type":"ListItem","position":2,"name":"S\u00e9jour de Mme Betty Okwako Riekkola du 25 au 28 juin 2019"}]},{"@type":"Person","@id":"https:\/\/cjnrb.fr\/cjnrb_fr\/#\/schema\/person\/1d7e5959ede7cd403648c23fbf7a224c","name":"francois","image":{"@type":"ImageObject","@id":"https:\/\/cjnrb.fr\/cjnrb_fr\/#personlogo","inLanguage":"fr-FR","url":"https:\/\/secure.gravatar.com\/avatar\/89e31bd17b28c77cebe20b6999903d3a?s=96&d=mm&r=g","contentUrl":"https:\/\/secure.gravatar.com\/avatar\/89e31bd17b28c77cebe20b6999903d3a?s=96&d=mm&r=g","caption":"francois"},"url":"https:\/\/cjnrb.fr\/cjnrb_fr\/author\/francois\/"}]}},"_links":{"self":[{"href":"https:\/\/cjnrb.fr\/cjnrb_fr\/wp-json\/wp\/v2\/posts\/4563"}],"collection":[{"href":"https:\/\/cjnrb.fr\/cjnrb_fr\/wp-json\/wp\/v2\/posts"}],"about":[{"href":"https:\/\/cjnrb.fr\/cjnrb_fr\/wp-json\/wp\/v2\/types\/post"}],"author":[{"embeddable":true,"href":"https:\/\/cjnrb.fr\/cjnrb_fr\/wp-json\/wp\/v2\/users\/1"}],"replies":[{"embeddable":true,"href":"https:\/\/cjnrb.fr\/cjnrb_fr\/wp-json\/wp\/v2\/comments?post=4563"}],"version-history":[{"count":1,"href":"https:\/\/cjnrb.fr\/cjnrb_fr\/wp-json\/wp\/v2\/posts\/4563\/revisions"}],"predecessor-version":[{"id":4564,"href":"https:\/\/cjnrb.fr\/cjnrb_fr\/wp-json\/wp\/v2\/posts\/4563\/revisions\/4564"}],"wp:featuredmedia":[{"embeddable":true,"href":"https:\/\/cjnrb.fr\/cjnrb_fr\/wp-json\/wp\/v2\/media\/4582"}],"wp:attachment":[{"href":"https:\/\/cjnrb.fr\/cjnrb_fr\/wp-json\/wp\/v2\/media?parent=4563"}],"wp:term":[{"taxonomy":"category","embeddable":true,"href":"https:\/\/cjnrb.fr\/cjnrb_fr\/wp-json\/wp\/v2\/categories?post=4563"},{"taxonomy":"post_tag","embeddable":true,"href":"https:\/\/cjnrb.fr\/cjnrb_fr\/wp-json\/wp\/v2\/tags?post=4563"}],"curies":[{"name":"wp","href":"https:\/\/api.w.org\/{rel}","templated":true}]}}