{"id":4527,"date":"2018-05-19T10:57:33","date_gmt":"2018-05-19T08:57:33","guid":{"rendered":"http:\/\/cjnrb.fr\/cjnrb_fr\/?p=4527"},"modified":"2019-02-19T11:32:50","modified_gmt":"2019-02-19T10:32:50","slug":"echange-scolaire-avec-godella-2018","status":"publish","type":"post","link":"https:\/\/cjnrb.fr\/cjnrb_fr\/echange-scolaire-avec-godella-2018\/","title":{"rendered":"Echange scolaire avec Godella-2018"},"content":{"rendered":"<blockquote><p><span style=\"color: #000000; font-family: Calibri;\"><strong>Deux professeurs du coll\u00e8ge JB de La Quintinie , dont le professeur d\u2019espagnol ont organis\u00e9 comme chaque ann\u00e9e l\u2019\u00e9change scolaire avec le coll\u00e8ge Gencana de notre ville jumelle Godella .<\/strong><\/span><\/p>\n<p><span style=\"color: #000000; font-family: Calibri;\">Du 21 au 28 mars 29 jeunes espagnols pour partir \u00e0 la d\u00e9couverte des enseignements du coll\u00e8ge de la Quintinie et faire des visites culturelles \u00e0 Paris et Versailles . 22 de nos \u00e9l\u00e8ves du coll\u00e8ge sont eux partis \u00e0 Godella du 30 au 7 mai et ont eu la joie de d\u00e9couvrir la ville de Valence .Ces s\u00e9jours sont rendus possibles grace \u00e0 l\u2019accueil dans les familles des enfants et de part et d\u2019autre ils d\u00e9couvrent la vie familiale fran\u00e7aise et espagnole .<\/span><\/p>\n\n\t\t<style type=\"text\/css\">\n\t\t\t#gallery-1 {\n\t\t\t\tmargin: auto;\n\t\t\t}\n\t\t\t#gallery-1 .gallery-item {\n\t\t\t\tfloat: left;\n\t\t\t\tmargin-top: 10px;\n\t\t\t\ttext-align: center;\n\t\t\t\twidth: 20%;\n\t\t\t}\n\t\t\t#gallery-1 img {\n\t\t\t\tborder: 2px solid #cfcfcf;\n\t\t\t}\n\t\t\t#gallery-1 .gallery-caption {\n\t\t\t\tmargin-left: 0;\n\t\t\t}\n\t\t\t\/* see gallery_shortcode() in wp-includes\/media.php *\/\n\t\t<\/style>\n\t\t<div id='gallery-1' class='gallery galleryid-4527 gallery-columns-5 gallery-size-thumbnail'><dl class='gallery-item'>\n\t\t\t<dt class='gallery-icon landscape'>\n\t\t\t\t<a href='https:\/\/cjnrb.fr\/cjnrb_fr\/wp-content\/uploads\/2019\/02\/180502_31.jpg'><img width=\"80\" height=\"80\" src=\"https:\/\/cjnrb.fr\/cjnrb_fr\/wp-content\/uploads\/2019\/02\/180502_31-80x80.jpg\" class=\"attachment-thumbnail size-thumbnail\" alt=\"\" loading=\"lazy\" srcset=\"https:\/\/cjnrb.fr\/cjnrb_fr\/wp-content\/uploads\/2019\/02\/180502_31-80x80.jpg 80w, https:\/\/cjnrb.fr\/cjnrb_fr\/wp-content\/uploads\/2019\/02\/180502_31-36x36.jpg 36w, https:\/\/cjnrb.fr\/cjnrb_fr\/wp-content\/uploads\/2019\/02\/180502_31-180x180.jpg 180w, https:\/\/cjnrb.fr\/cjnrb_fr\/wp-content\/uploads\/2019\/02\/180502_31-120x120.jpg 120w, https:\/\/cjnrb.fr\/cjnrb_fr\/wp-content\/uploads\/2019\/02\/180502_31-450x450.jpg 450w\" sizes=\"(max-width: 80px) 100vw, 80px\" \/><\/a>\n\t\t\t<\/dt><\/dl><dl class='gallery-item'>\n\t\t\t<dt class='gallery-icon landscape'>\n\t\t\t\t<a href='https:\/\/cjnrb.fr\/cjnrb_fr\/wp-content\/uploads\/2019\/02\/IMG_1239-1.jpeg'><img width=\"80\" height=\"80\" src=\"https:\/\/cjnrb.fr\/cjnrb_fr\/wp-content\/uploads\/2019\/02\/IMG_1239-1-80x80.jpeg\" class=\"attachment-thumbnail size-thumbnail\" alt=\"\" loading=\"lazy\" srcset=\"https:\/\/cjnrb.fr\/cjnrb_fr\/wp-content\/uploads\/2019\/02\/IMG_1239-1-80x80.jpeg 80w, https:\/\/cjnrb.fr\/cjnrb_fr\/wp-content\/uploads\/2019\/02\/IMG_1239-1-36x36.jpeg 36w, https:\/\/cjnrb.fr\/cjnrb_fr\/wp-content\/uploads\/2019\/02\/IMG_1239-1-180x180.jpeg 180w, https:\/\/cjnrb.fr\/cjnrb_fr\/wp-content\/uploads\/2019\/02\/IMG_1239-1-120x120.jpeg 120w, https:\/\/cjnrb.fr\/cjnrb_fr\/wp-content\/uploads\/2019\/02\/IMG_1239-1-450x450.jpeg 450w\" sizes=\"(max-width: 80px) 100vw, 80px\" \/><\/a>\n\t\t\t<\/dt><\/dl><dl class='gallery-item'>\n\t\t\t<dt class='gallery-icon landscape'>\n\t\t\t\t<a href='https:\/\/cjnrb.fr\/cjnrb_fr\/wp-content\/uploads\/2019\/02\/IMG_1416.jpeg'><img width=\"80\" height=\"80\" src=\"https:\/\/cjnrb.fr\/cjnrb_fr\/wp-content\/uploads\/2019\/02\/IMG_1416-80x80.jpeg\" class=\"attachment-thumbnail size-thumbnail\" alt=\"\" loading=\"lazy\" srcset=\"https:\/\/cjnrb.fr\/cjnrb_fr\/wp-content\/uploads\/2019\/02\/IMG_1416-80x80.jpeg 80w, https:\/\/cjnrb.fr\/cjnrb_fr\/wp-content\/uploads\/2019\/02\/IMG_1416-36x36.jpeg 36w, https:\/\/cjnrb.fr\/cjnrb_fr\/wp-content\/uploads\/2019\/02\/IMG_1416-180x180.jpeg 180w, https:\/\/cjnrb.fr\/cjnrb_fr\/wp-content\/uploads\/2019\/02\/IMG_1416-120x120.jpeg 120w, https:\/\/cjnrb.fr\/cjnrb_fr\/wp-content\/uploads\/2019\/02\/IMG_1416-450x450.jpeg 450w\" sizes=\"(max-width: 80px) 100vw, 80px\" \/><\/a>\n\t\t\t<\/dt><\/dl>\n\t\t\t<br style='clear: both' \/>\n\t\t<\/div>\n\n<p>(cliquer sur la photo pour l&rsquo;agrandir)<\/p><\/blockquote>\n<p><span style=\"color: #000000; font-family: Calibri;\">\u00a0<\/span><\/p>\n","protected":false},"excerpt":{"rendered":"<p>Deux professeurs du coll\u00e8ge JB de La Quintinie , dont le professeur d\u2019espagnol ont organis\u00e9 comme chaque ann\u00e9e l\u2019\u00e9change scolaire avec le coll\u00e8ge Gencana de notre ville jumelle Godella . Du 21 au 28 mars 29 jeunes espagnols pour partir \u00e0 la d\u00e9couverte des enseignements du coll\u00e8ge de la Quintinie et faire des visites culturelles [&hellip;]<\/p>\n","protected":false},"author":1,"featured_media":4531,"comment_status":"closed","ping_status":"open","sticky":false,"template":"","format":"standard","meta":[],"categories":[17],"tags":[],"yoast_head":"<!-- This site is optimized with the Yoast SEO plugin v18.5.1 - https:\/\/yoast.com\/wordpress\/plugins\/seo\/ -->\n<title>Echange scolaire avec Godella-2018 - Jumelage Noisy le Roi \/ Bailly<\/title>\n<meta name=\"robots\" content=\"index, follow, max-snippet:-1, max-image-preview:large, max-video-preview:-1\" \/>\n<link rel=\"canonical\" href=\"https:\/\/cjnrb.fr\/cjnrb_fr\/echange-scolaire-avec-godella-2018\/\" \/>\n<meta property=\"og:locale\" content=\"fr_FR\" \/>\n<meta property=\"og:type\" content=\"article\" \/>\n<meta property=\"og:title\" content=\"Echange scolaire avec Godella-2018 - Jumelage Noisy le Roi \/ Bailly\" \/>\n<meta property=\"og:description\" content=\"Deux professeurs du coll\u00e8ge JB de La Quintinie , dont le professeur d\u2019espagnol ont organis\u00e9 comme chaque ann\u00e9e l\u2019\u00e9change scolaire avec le coll\u00e8ge Gencana de notre ville jumelle Godella . Du 21 au 28 mars 29 jeunes espagnols pour partir \u00e0 la d\u00e9couverte des enseignements du coll\u00e8ge de la Quintinie et faire des visites culturelles [&hellip;]\" \/>\n<meta property=\"og:url\" content=\"https:\/\/cjnrb.fr\/cjnrb_fr\/echange-scolaire-avec-godella-2018\/\" \/>\n<meta property=\"og:site_name\" content=\"Jumelage Noisy le Roi \/ Bailly\" \/>\n<meta property=\"article:published_time\" content=\"2018-05-19T08:57:33+00:00\" \/>\n<meta property=\"article:modified_time\" content=\"2019-02-19T10:32:50+00:00\" \/>\n<meta property=\"og:image\" content=\"https:\/\/cjnrb.fr\/cjnrb_fr\/wp-content\/uploads\/2019\/02\/180502_31-1030x824.jpg\" \/>\n\t<meta property=\"og:image:width\" content=\"1030\" \/>\n\t<meta property=\"og:image:height\" content=\"824\" \/>\n\t<meta property=\"og:image:type\" content=\"image\/jpeg\" \/>\n<meta name=\"twitter:card\" content=\"summary_large_image\" \/>\n<meta name=\"twitter:label1\" content=\"\u00c9crit par\" \/>\n\t<meta name=\"twitter:data1\" content=\"francois\" \/>\n\t<meta name=\"twitter:label2\" content=\"Dur\u00e9e de lecture estim\u00e9e\" \/>\n\t<meta name=\"twitter:data2\" content=\"1 minute\" \/>\n<script type=\"application\/ld+json\" class=\"yoast-schema-graph\">{\"@context\":\"https:\/\/schema.org\",\"@graph\":[{\"@type\":\"WebSite\",\"@id\":\"https:\/\/cjnrb.fr\/cjnrb_fr\/#website\",\"url\":\"https:\/\/cjnrb.fr\/cjnrb_fr\/\",\"name\":\"Jumelage Noisy le Roi \/ Bailly\",\"description\":\"\u00e9changes dans les domaines scolaires, culturels, sportifs, \u00e9conomiques et environnementaux avec les villes d\u2019Albion (USA) et Godella (Espagne) \",\"potentialAction\":[{\"@type\":\"SearchAction\",\"target\":{\"@type\":\"EntryPoint\",\"urlTemplate\":\"https:\/\/cjnrb.fr\/cjnrb_fr\/?s={search_term_string}\"},\"query-input\":\"required name=search_term_string\"}],\"inLanguage\":\"fr-FR\"},{\"@type\":\"ImageObject\",\"@id\":\"https:\/\/cjnrb.fr\/cjnrb_fr\/echange-scolaire-avec-godella-2018\/#primaryimage\",\"inLanguage\":\"fr-FR\",\"url\":\"https:\/\/cjnrb.fr\/cjnrb_fr\/wp-content\/uploads\/2019\/02\/180502_31.jpg\",\"contentUrl\":\"https:\/\/cjnrb.fr\/cjnrb_fr\/wp-content\/uploads\/2019\/02\/180502_31.jpg\",\"width\":4802,\"height\":3842},{\"@type\":\"WebPage\",\"@id\":\"https:\/\/cjnrb.fr\/cjnrb_fr\/echange-scolaire-avec-godella-2018\/#webpage\",\"url\":\"https:\/\/cjnrb.fr\/cjnrb_fr\/echange-scolaire-avec-godella-2018\/\",\"name\":\"Echange scolaire avec Godella-2018 - Jumelage Noisy le Roi \/ Bailly\",\"isPartOf\":{\"@id\":\"https:\/\/cjnrb.fr\/cjnrb_fr\/#website\"},\"primaryImageOfPage\":{\"@id\":\"https:\/\/cjnrb.fr\/cjnrb_fr\/echange-scolaire-avec-godella-2018\/#primaryimage\"},\"datePublished\":\"2018-05-19T08:57:33+00:00\",\"dateModified\":\"2019-02-19T10:32:50+00:00\",\"author\":{\"@id\":\"https:\/\/cjnrb.fr\/cjnrb_fr\/#\/schema\/person\/1d7e5959ede7cd403648c23fbf7a224c\"},\"breadcrumb\":{\"@id\":\"https:\/\/cjnrb.fr\/cjnrb_fr\/echange-scolaire-avec-godella-2018\/#breadcrumb\"},\"inLanguage\":\"fr-FR\",\"potentialAction\":[{\"@type\":\"ReadAction\",\"target\":[\"https:\/\/cjnrb.fr\/cjnrb_fr\/echange-scolaire-avec-godella-2018\/\"]}]},{\"@type\":\"BreadcrumbList\",\"@id\":\"https:\/\/cjnrb.fr\/cjnrb_fr\/echange-scolaire-avec-godella-2018\/#breadcrumb\",\"itemListElement\":[{\"@type\":\"ListItem\",\"position\":1,\"name\":\"Accueil\",\"item\":\"https:\/\/cjnrb.fr\/cjnrb_fr\/\"},{\"@type\":\"ListItem\",\"position\":2,\"name\":\"Echange scolaire avec Godella-2018\"}]},{\"@type\":\"Person\",\"@id\":\"https:\/\/cjnrb.fr\/cjnrb_fr\/#\/schema\/person\/1d7e5959ede7cd403648c23fbf7a224c\",\"name\":\"francois\",\"image\":{\"@type\":\"ImageObject\",\"@id\":\"https:\/\/cjnrb.fr\/cjnrb_fr\/#personlogo\",\"inLanguage\":\"fr-FR\",\"url\":\"https:\/\/secure.gravatar.com\/avatar\/89e31bd17b28c77cebe20b6999903d3a?s=96&d=mm&r=g\",\"contentUrl\":\"https:\/\/secure.gravatar.com\/avatar\/89e31bd17b28c77cebe20b6999903d3a?s=96&d=mm&r=g\",\"caption\":\"francois\"},\"url\":\"https:\/\/cjnrb.fr\/cjnrb_fr\/author\/francois\/\"}]}<\/script>\n<!-- \/ Yoast SEO plugin. -->","yoast_head_json":{"title":"Echange scolaire avec Godella-2018 - Jumelage Noisy le Roi \/ Bailly","robots":{"index":"index","follow":"follow","max-snippet":"max-snippet:-1","max-image-preview":"max-image-preview:large","max-video-preview":"max-video-preview:-1"},"canonical":"https:\/\/cjnrb.fr\/cjnrb_fr\/echange-scolaire-avec-godella-2018\/","og_locale":"fr_FR","og_type":"article","og_title":"Echange scolaire avec Godella-2018 - Jumelage Noisy le Roi \/ Bailly","og_description":"Deux professeurs du coll\u00e8ge JB de La Quintinie , dont le professeur d\u2019espagnol ont organis\u00e9 comme chaque ann\u00e9e l\u2019\u00e9change scolaire avec le coll\u00e8ge Gencana de notre ville jumelle Godella . Du 21 au 28 mars 29 jeunes espagnols pour partir \u00e0 la d\u00e9couverte des enseignements du coll\u00e8ge de la Quintinie et faire des visites culturelles [&hellip;]","og_url":"https:\/\/cjnrb.fr\/cjnrb_fr\/echange-scolaire-avec-godella-2018\/","og_site_name":"Jumelage Noisy le Roi \/ Bailly","article_published_time":"2018-05-19T08:57:33+00:00","article_modified_time":"2019-02-19T10:32:50+00:00","og_image":[{"width":1030,"height":824,"url":"https:\/\/cjnrb.fr\/cjnrb_fr\/wp-content\/uploads\/2019\/02\/180502_31-1030x824.jpg","type":"image\/jpeg"}],"twitter_card":"summary_large_image","twitter_misc":{"\u00c9crit par":"francois","Dur\u00e9e de lecture estim\u00e9e":"1 minute"},"schema":{"@context":"https:\/\/schema.org","@graph":[{"@type":"WebSite","@id":"https:\/\/cjnrb.fr\/cjnrb_fr\/#website","url":"https:\/\/cjnrb.fr\/cjnrb_fr\/","name":"Jumelage Noisy le Roi \/ Bailly","description":"\u00e9changes dans les domaines scolaires, culturels, sportifs, \u00e9conomiques et environnementaux avec les villes d\u2019Albion (USA) et Godella (Espagne) ","potentialAction":[{"@type":"SearchAction","target":{"@type":"EntryPoint","urlTemplate":"https:\/\/cjnrb.fr\/cjnrb_fr\/?s={search_term_string}"},"query-input":"required name=search_term_string"}],"inLanguage":"fr-FR"},{"@type":"ImageObject","@id":"https:\/\/cjnrb.fr\/cjnrb_fr\/echange-scolaire-avec-godella-2018\/#primaryimage","inLanguage":"fr-FR","url":"https:\/\/cjnrb.fr\/cjnrb_fr\/wp-content\/uploads\/2019\/02\/180502_31.jpg","contentUrl":"https:\/\/cjnrb.fr\/cjnrb_fr\/wp-content\/uploads\/2019\/02\/180502_31.jpg","width":4802,"height":3842},{"@type":"WebPage","@id":"https:\/\/cjnrb.fr\/cjnrb_fr\/echange-scolaire-avec-godella-2018\/#webpage","url":"https:\/\/cjnrb.fr\/cjnrb_fr\/echange-scolaire-avec-godella-2018\/","name":"Echange scolaire avec Godella-2018 - Jumelage Noisy le Roi \/ Bailly","isPartOf":{"@id":"https:\/\/cjnrb.fr\/cjnrb_fr\/#website"},"primaryImageOfPage":{"@id":"https:\/\/cjnrb.fr\/cjnrb_fr\/echange-scolaire-avec-godella-2018\/#primaryimage"},"datePublished":"2018-05-19T08:57:33+00:00","dateModified":"2019-02-19T10:32:50+00:00","author":{"@id":"https:\/\/cjnrb.fr\/cjnrb_fr\/#\/schema\/person\/1d7e5959ede7cd403648c23fbf7a224c"},"breadcrumb":{"@id":"https:\/\/cjnrb.fr\/cjnrb_fr\/echange-scolaire-avec-godella-2018\/#breadcrumb"},"inLanguage":"fr-FR","potentialAction":[{"@type":"ReadAction","target":["https:\/\/cjnrb.fr\/cjnrb_fr\/echange-scolaire-avec-godella-2018\/"]}]},{"@type":"BreadcrumbList","@id":"https:\/\/cjnrb.fr\/cjnrb_fr\/echange-scolaire-avec-godella-2018\/#breadcrumb","itemListElement":[{"@type":"ListItem","position":1,"name":"Accueil","item":"https:\/\/cjnrb.fr\/cjnrb_fr\/"},{"@type":"ListItem","position":2,"name":"Echange scolaire avec Godella-2018"}]},{"@type":"Person","@id":"https:\/\/cjnrb.fr\/cjnrb_fr\/#\/schema\/person\/1d7e5959ede7cd403648c23fbf7a224c","name":"francois","image":{"@type":"ImageObject","@id":"https:\/\/cjnrb.fr\/cjnrb_fr\/#personlogo","inLanguage":"fr-FR","url":"https:\/\/secure.gravatar.com\/avatar\/89e31bd17b28c77cebe20b6999903d3a?s=96&d=mm&r=g","contentUrl":"https:\/\/secure.gravatar.com\/avatar\/89e31bd17b28c77cebe20b6999903d3a?s=96&d=mm&r=g","caption":"francois"},"url":"https:\/\/cjnrb.fr\/cjnrb_fr\/author\/francois\/"}]}},"_links":{"self":[{"href":"https:\/\/cjnrb.fr\/cjnrb_fr\/wp-json\/wp\/v2\/posts\/4527"}],"collection":[{"href":"https:\/\/cjnrb.fr\/cjnrb_fr\/wp-json\/wp\/v2\/posts"}],"about":[{"href":"https:\/\/cjnrb.fr\/cjnrb_fr\/wp-json\/wp\/v2\/types\/post"}],"author":[{"embeddable":true,"href":"https:\/\/cjnrb.fr\/cjnrb_fr\/wp-json\/wp\/v2\/users\/1"}],"replies":[{"embeddable":true,"href":"https:\/\/cjnrb.fr\/cjnrb_fr\/wp-json\/wp\/v2\/comments?post=4527"}],"version-history":[{"count":5,"href":"https:\/\/cjnrb.fr\/cjnrb_fr\/wp-json\/wp\/v2\/posts\/4527\/revisions"}],"predecessor-version":[{"id":4538,"href":"https:\/\/cjnrb.fr\/cjnrb_fr\/wp-json\/wp\/v2\/posts\/4527\/revisions\/4538"}],"wp:featuredmedia":[{"embeddable":true,"href":"https:\/\/cjnrb.fr\/cjnrb_fr\/wp-json\/wp\/v2\/media\/4531"}],"wp:attachment":[{"href":"https:\/\/cjnrb.fr\/cjnrb_fr\/wp-json\/wp\/v2\/media?parent=4527"}],"wp:term":[{"taxonomy":"category","embeddable":true,"href":"https:\/\/cjnrb.fr\/cjnrb_fr\/wp-json\/wp\/v2\/categories?post=4527"},{"taxonomy":"post_tag","embeddable":true,"href":"https:\/\/cjnrb.fr\/cjnrb_fr\/wp-json\/wp\/v2\/tags?post=4527"}],"curies":[{"name":"wp","href":"https:\/\/api.w.org\/{rel}","templated":true}]}}