{"id":4479,"date":"2017-11-15T15:53:27","date_gmt":"2017-11-15T14:53:27","guid":{"rendered":"http:\/\/cjnrb.fr\/cjnrb_fr\/?p=4479"},"modified":"2019-01-21T13:47:03","modified_gmt":"2019-01-21T12:47:03","slug":"visite-culturelle-de-jeunes-dalbion","status":"publish","type":"post","link":"https:\/\/cjnrb.fr\/cjnrb_fr\/visite-culturelle-de-jeunes-dalbion\/","title":{"rendered":"Visite culturelle de jeunes d&rsquo;Albion"},"content":{"rendered":"<blockquote><p><span style=\"color: #000000; font-family: Calibri;\"><strong>Un groupe de 8 jeunes d\u2019Albion de 11 \u00e0 14 ans, accompagn\u00e9s par 3 adultes sont venus d\u00e9couvrir notre r\u00e9gion du 8 au 15 novembre 2017. Un programme vari\u00e9 leur avait \u00e9t\u00e9 pr\u00e9vu\u00a0:<\/strong> <\/span><\/p><\/blockquote>\n<p><span style=\"color: #000000; font-family: Calibri;\">Re\u00e7u \u00e0 leur arriv\u00e9e \u00e0 la mairie de Noisy le Roi ils ont pu visiter le lendemain 9 novembre par city bus la ville de Paris. La journ\u00e9e du 10 se passa au Coll\u00e8ge de La Quintinie o\u00f9 des participations \u00e0 des classes d\u2019anglais a pu \u00eatre organis\u00e9es.<br \/>\nApr\u00e8s avoir assist\u00e9 aux c\u00e9r\u00e9monies du 11 novembre le groupe fut re\u00e7u \u00e0 la mairie de Bailly.<br \/>\nLe 13 novembre ils se sont rendus sur la Tour Eiffel et l\u2019apr\u00e8s-midi faire une croisi\u00e8re sur la Seine.<br \/>\nLe lendemain l\u2019incontournable visite du Ch\u00e2teau de Versailles leur fit revivre une partie de l\u2019histoire de France.<\/span><\/p>\n<p><span style=\"color: #000000; font-family: Calibri;\">C\u2019est le 15 novembre qu\u2019ils regagn\u00e8rent les Etats-Unis.<\/span><\/p>\n","protected":false},"excerpt":{"rendered":"<p>Un groupe de 8 jeunes d\u2019Albion de 11 \u00e0 14 ans, accompagn\u00e9s par 3 adultes sont venus d\u00e9couvrir notre r\u00e9gion du 8 au 15 novembre 2017. Un programme vari\u00e9 leur avait \u00e9t\u00e9 pr\u00e9vu\u00a0: Re\u00e7u \u00e0 leur arriv\u00e9e \u00e0 la mairie de Noisy le Roi ils ont pu visiter le lendemain 9 novembre par city bus [&hellip;]<\/p>\n","protected":false},"author":1,"featured_media":4494,"comment_status":"closed","ping_status":"open","sticky":false,"template":"","format":"standard","meta":[],"categories":[17],"tags":[],"yoast_head":"<!-- This site is optimized with the Yoast SEO plugin v18.5.1 - https:\/\/yoast.com\/wordpress\/plugins\/seo\/ -->\n<title>Visite culturelle de jeunes d&#039;Albion - Jumelage Noisy le Roi \/ Bailly<\/title>\n<meta name=\"robots\" content=\"index, follow, max-snippet:-1, max-image-preview:large, max-video-preview:-1\" \/>\n<link rel=\"canonical\" href=\"https:\/\/cjnrb.fr\/cjnrb_fr\/visite-culturelle-de-jeunes-dalbion\/\" \/>\n<meta property=\"og:locale\" content=\"fr_FR\" \/>\n<meta property=\"og:type\" content=\"article\" \/>\n<meta property=\"og:title\" content=\"Visite culturelle de jeunes d&#039;Albion - Jumelage Noisy le Roi \/ Bailly\" \/>\n<meta property=\"og:description\" content=\"Un groupe de 8 jeunes d\u2019Albion de 11 \u00e0 14 ans, accompagn\u00e9s par 3 adultes sont venus d\u00e9couvrir notre r\u00e9gion du 8 au 15 novembre 2017. Un programme vari\u00e9 leur avait \u00e9t\u00e9 pr\u00e9vu\u00a0: Re\u00e7u \u00e0 leur arriv\u00e9e \u00e0 la mairie de Noisy le Roi ils ont pu visiter le lendemain 9 novembre par city bus [&hellip;]\" \/>\n<meta property=\"og:url\" content=\"https:\/\/cjnrb.fr\/cjnrb_fr\/visite-culturelle-de-jeunes-dalbion\/\" \/>\n<meta property=\"og:site_name\" content=\"Jumelage Noisy le Roi \/ Bailly\" \/>\n<meta property=\"article:published_time\" content=\"2017-11-15T14:53:27+00:00\" \/>\n<meta property=\"article:modified_time\" content=\"2019-01-21T12:47:03+00:00\" \/>\n<meta property=\"og:image\" content=\"https:\/\/cjnrb.fr\/cjnrb_fr\/wp-content\/uploads\/2017\/11\/Versailles.jpg\" \/>\n\t<meta property=\"og:image:width\" content=\"300\" \/>\n\t<meta property=\"og:image:height\" content=\"225\" \/>\n\t<meta property=\"og:image:type\" content=\"image\/jpeg\" \/>\n<meta name=\"twitter:card\" content=\"summary_large_image\" \/>\n<meta name=\"twitter:label1\" content=\"\u00c9crit par\" \/>\n\t<meta name=\"twitter:data1\" content=\"francois\" \/>\n\t<meta name=\"twitter:label2\" content=\"Dur\u00e9e de lecture estim\u00e9e\" \/>\n\t<meta name=\"twitter:data2\" content=\"1 minute\" \/>\n<script type=\"application\/ld+json\" class=\"yoast-schema-graph\">{\"@context\":\"https:\/\/schema.org\",\"@graph\":[{\"@type\":\"WebSite\",\"@id\":\"https:\/\/cjnrb.fr\/cjnrb_fr\/#website\",\"url\":\"https:\/\/cjnrb.fr\/cjnrb_fr\/\",\"name\":\"Jumelage Noisy le Roi \/ Bailly\",\"description\":\"\u00e9changes dans les domaines scolaires, culturels, sportifs, \u00e9conomiques et environnementaux avec les villes d\u2019Albion (USA) et Godella (Espagne) \",\"potentialAction\":[{\"@type\":\"SearchAction\",\"target\":{\"@type\":\"EntryPoint\",\"urlTemplate\":\"https:\/\/cjnrb.fr\/cjnrb_fr\/?s={search_term_string}\"},\"query-input\":\"required name=search_term_string\"}],\"inLanguage\":\"fr-FR\"},{\"@type\":\"ImageObject\",\"@id\":\"https:\/\/cjnrb.fr\/cjnrb_fr\/visite-culturelle-de-jeunes-dalbion\/#primaryimage\",\"inLanguage\":\"fr-FR\",\"url\":\"https:\/\/cjnrb.fr\/cjnrb_fr\/wp-content\/uploads\/2017\/11\/Versailles.jpg\",\"contentUrl\":\"https:\/\/cjnrb.fr\/cjnrb_fr\/wp-content\/uploads\/2017\/11\/Versailles.jpg\",\"width\":300,\"height\":225},{\"@type\":\"WebPage\",\"@id\":\"https:\/\/cjnrb.fr\/cjnrb_fr\/visite-culturelle-de-jeunes-dalbion\/#webpage\",\"url\":\"https:\/\/cjnrb.fr\/cjnrb_fr\/visite-culturelle-de-jeunes-dalbion\/\",\"name\":\"Visite culturelle de jeunes d'Albion - Jumelage Noisy le Roi \/ Bailly\",\"isPartOf\":{\"@id\":\"https:\/\/cjnrb.fr\/cjnrb_fr\/#website\"},\"primaryImageOfPage\":{\"@id\":\"https:\/\/cjnrb.fr\/cjnrb_fr\/visite-culturelle-de-jeunes-dalbion\/#primaryimage\"},\"datePublished\":\"2017-11-15T14:53:27+00:00\",\"dateModified\":\"2019-01-21T12:47:03+00:00\",\"author\":{\"@id\":\"https:\/\/cjnrb.fr\/cjnrb_fr\/#\/schema\/person\/1d7e5959ede7cd403648c23fbf7a224c\"},\"breadcrumb\":{\"@id\":\"https:\/\/cjnrb.fr\/cjnrb_fr\/visite-culturelle-de-jeunes-dalbion\/#breadcrumb\"},\"inLanguage\":\"fr-FR\",\"potentialAction\":[{\"@type\":\"ReadAction\",\"target\":[\"https:\/\/cjnrb.fr\/cjnrb_fr\/visite-culturelle-de-jeunes-dalbion\/\"]}]},{\"@type\":\"BreadcrumbList\",\"@id\":\"https:\/\/cjnrb.fr\/cjnrb_fr\/visite-culturelle-de-jeunes-dalbion\/#breadcrumb\",\"itemListElement\":[{\"@type\":\"ListItem\",\"position\":1,\"name\":\"Accueil\",\"item\":\"https:\/\/cjnrb.fr\/cjnrb_fr\/\"},{\"@type\":\"ListItem\",\"position\":2,\"name\":\"Visite culturelle de jeunes d&rsquo;Albion\"}]},{\"@type\":\"Person\",\"@id\":\"https:\/\/cjnrb.fr\/cjnrb_fr\/#\/schema\/person\/1d7e5959ede7cd403648c23fbf7a224c\",\"name\":\"francois\",\"image\":{\"@type\":\"ImageObject\",\"@id\":\"https:\/\/cjnrb.fr\/cjnrb_fr\/#personlogo\",\"inLanguage\":\"fr-FR\",\"url\":\"https:\/\/secure.gravatar.com\/avatar\/89e31bd17b28c77cebe20b6999903d3a?s=96&d=mm&r=g\",\"contentUrl\":\"https:\/\/secure.gravatar.com\/avatar\/89e31bd17b28c77cebe20b6999903d3a?s=96&d=mm&r=g\",\"caption\":\"francois\"},\"url\":\"https:\/\/cjnrb.fr\/cjnrb_fr\/author\/francois\/\"}]}<\/script>\n<!-- \/ Yoast SEO plugin. -->","yoast_head_json":{"title":"Visite culturelle de jeunes d'Albion - Jumelage Noisy le Roi \/ Bailly","robots":{"index":"index","follow":"follow","max-snippet":"max-snippet:-1","max-image-preview":"max-image-preview:large","max-video-preview":"max-video-preview:-1"},"canonical":"https:\/\/cjnrb.fr\/cjnrb_fr\/visite-culturelle-de-jeunes-dalbion\/","og_locale":"fr_FR","og_type":"article","og_title":"Visite culturelle de jeunes d'Albion - Jumelage Noisy le Roi \/ Bailly","og_description":"Un groupe de 8 jeunes d\u2019Albion de 11 \u00e0 14 ans, accompagn\u00e9s par 3 adultes sont venus d\u00e9couvrir notre r\u00e9gion du 8 au 15 novembre 2017. Un programme vari\u00e9 leur avait \u00e9t\u00e9 pr\u00e9vu\u00a0: Re\u00e7u \u00e0 leur arriv\u00e9e \u00e0 la mairie de Noisy le Roi ils ont pu visiter le lendemain 9 novembre par city bus [&hellip;]","og_url":"https:\/\/cjnrb.fr\/cjnrb_fr\/visite-culturelle-de-jeunes-dalbion\/","og_site_name":"Jumelage Noisy le Roi \/ Bailly","article_published_time":"2017-11-15T14:53:27+00:00","article_modified_time":"2019-01-21T12:47:03+00:00","og_image":[{"width":300,"height":225,"url":"https:\/\/cjnrb.fr\/cjnrb_fr\/wp-content\/uploads\/2017\/11\/Versailles.jpg","type":"image\/jpeg"}],"twitter_card":"summary_large_image","twitter_misc":{"\u00c9crit par":"francois","Dur\u00e9e de lecture estim\u00e9e":"1 minute"},"schema":{"@context":"https:\/\/schema.org","@graph":[{"@type":"WebSite","@id":"https:\/\/cjnrb.fr\/cjnrb_fr\/#website","url":"https:\/\/cjnrb.fr\/cjnrb_fr\/","name":"Jumelage Noisy le Roi \/ Bailly","description":"\u00e9changes dans les domaines scolaires, culturels, sportifs, \u00e9conomiques et environnementaux avec les villes d\u2019Albion (USA) et Godella (Espagne) ","potentialAction":[{"@type":"SearchAction","target":{"@type":"EntryPoint","urlTemplate":"https:\/\/cjnrb.fr\/cjnrb_fr\/?s={search_term_string}"},"query-input":"required name=search_term_string"}],"inLanguage":"fr-FR"},{"@type":"ImageObject","@id":"https:\/\/cjnrb.fr\/cjnrb_fr\/visite-culturelle-de-jeunes-dalbion\/#primaryimage","inLanguage":"fr-FR","url":"https:\/\/cjnrb.fr\/cjnrb_fr\/wp-content\/uploads\/2017\/11\/Versailles.jpg","contentUrl":"https:\/\/cjnrb.fr\/cjnrb_fr\/wp-content\/uploads\/2017\/11\/Versailles.jpg","width":300,"height":225},{"@type":"WebPage","@id":"https:\/\/cjnrb.fr\/cjnrb_fr\/visite-culturelle-de-jeunes-dalbion\/#webpage","url":"https:\/\/cjnrb.fr\/cjnrb_fr\/visite-culturelle-de-jeunes-dalbion\/","name":"Visite culturelle de jeunes d'Albion - Jumelage Noisy le Roi \/ Bailly","isPartOf":{"@id":"https:\/\/cjnrb.fr\/cjnrb_fr\/#website"},"primaryImageOfPage":{"@id":"https:\/\/cjnrb.fr\/cjnrb_fr\/visite-culturelle-de-jeunes-dalbion\/#primaryimage"},"datePublished":"2017-11-15T14:53:27+00:00","dateModified":"2019-01-21T12:47:03+00:00","author":{"@id":"https:\/\/cjnrb.fr\/cjnrb_fr\/#\/schema\/person\/1d7e5959ede7cd403648c23fbf7a224c"},"breadcrumb":{"@id":"https:\/\/cjnrb.fr\/cjnrb_fr\/visite-culturelle-de-jeunes-dalbion\/#breadcrumb"},"inLanguage":"fr-FR","potentialAction":[{"@type":"ReadAction","target":["https:\/\/cjnrb.fr\/cjnrb_fr\/visite-culturelle-de-jeunes-dalbion\/"]}]},{"@type":"BreadcrumbList","@id":"https:\/\/cjnrb.fr\/cjnrb_fr\/visite-culturelle-de-jeunes-dalbion\/#breadcrumb","itemListElement":[{"@type":"ListItem","position":1,"name":"Accueil","item":"https:\/\/cjnrb.fr\/cjnrb_fr\/"},{"@type":"ListItem","position":2,"name":"Visite culturelle de jeunes d&rsquo;Albion"}]},{"@type":"Person","@id":"https:\/\/cjnrb.fr\/cjnrb_fr\/#\/schema\/person\/1d7e5959ede7cd403648c23fbf7a224c","name":"francois","image":{"@type":"ImageObject","@id":"https:\/\/cjnrb.fr\/cjnrb_fr\/#personlogo","inLanguage":"fr-FR","url":"https:\/\/secure.gravatar.com\/avatar\/89e31bd17b28c77cebe20b6999903d3a?s=96&d=mm&r=g","contentUrl":"https:\/\/secure.gravatar.com\/avatar\/89e31bd17b28c77cebe20b6999903d3a?s=96&d=mm&r=g","caption":"francois"},"url":"https:\/\/cjnrb.fr\/cjnrb_fr\/author\/francois\/"}]}},"_links":{"self":[{"href":"https:\/\/cjnrb.fr\/cjnrb_fr\/wp-json\/wp\/v2\/posts\/4479"}],"collection":[{"href":"https:\/\/cjnrb.fr\/cjnrb_fr\/wp-json\/wp\/v2\/posts"}],"about":[{"href":"https:\/\/cjnrb.fr\/cjnrb_fr\/wp-json\/wp\/v2\/types\/post"}],"author":[{"embeddable":true,"href":"https:\/\/cjnrb.fr\/cjnrb_fr\/wp-json\/wp\/v2\/users\/1"}],"replies":[{"embeddable":true,"href":"https:\/\/cjnrb.fr\/cjnrb_fr\/wp-json\/wp\/v2\/comments?post=4479"}],"version-history":[{"count":2,"href":"https:\/\/cjnrb.fr\/cjnrb_fr\/wp-json\/wp\/v2\/posts\/4479\/revisions"}],"predecessor-version":[{"id":4495,"href":"https:\/\/cjnrb.fr\/cjnrb_fr\/wp-json\/wp\/v2\/posts\/4479\/revisions\/4495"}],"wp:featuredmedia":[{"embeddable":true,"href":"https:\/\/cjnrb.fr\/cjnrb_fr\/wp-json\/wp\/v2\/media\/4494"}],"wp:attachment":[{"href":"https:\/\/cjnrb.fr\/cjnrb_fr\/wp-json\/wp\/v2\/media?parent=4479"}],"wp:term":[{"taxonomy":"category","embeddable":true,"href":"https:\/\/cjnrb.fr\/cjnrb_fr\/wp-json\/wp\/v2\/categories?post=4479"},{"taxonomy":"post_tag","embeddable":true,"href":"https:\/\/cjnrb.fr\/cjnrb_fr\/wp-json\/wp\/v2\/tags?post=4479"}],"curies":[{"name":"wp","href":"https:\/\/api.w.org\/{rel}","templated":true}]}}