{"id":4448,"date":"2017-06-24T17:58:38","date_gmt":"2017-06-24T15:58:38","guid":{"rendered":"http:\/\/cjnrb.fr\/cjnrb_fr\/?p=4448"},"modified":"2019-01-18T18:08:49","modified_gmt":"2019-01-18T17:08:49","slug":"celebration-anniversaires-de-jumelages","status":"publish","type":"post","link":"https:\/\/cjnrb.fr\/cjnrb_fr\/celebration-anniversaires-de-jumelages\/","title":{"rendered":"C\u00e9l\u00e9bration anniversaires de jumelages"},"content":{"rendered":"<blockquote><p><span style=\"color: #000000; font-family: Calibri;\"><strong>A l\u2019occasion des anniversaires des jumelages avec les villes d\u2019Albion et de Godella, les municipalit\u00e9s de Bailly-Noisy le Roi et le comit\u00e9 de jumelage ont accueilli des d\u00e9l\u00e9gations am\u00e9ricaines et espagnoles.<\/strong> <\/span><\/p>\n<p><span style=\"color: #000000; font-family: Calibri;\">Pour Albion ils \u00e9taient 9 personnes, dont Sheryl Mitchell repr\u00e9sentant la municipalit\u00e9, \u00e0 arriver le 18 juin et rejoint le 22 juin par le Pr\u00e9sident d\u2019Albion College Mauri Ditzler. Du c\u00f4t\u00e9 espagnol 7 personnes dont la maire de Godella, Eva Sanchis, arriv\u00e8rent le 23 juin.<br \/>\nUn meeting, dans la matin\u00e9e du 23 juin, se d\u00e9roula \u00e0 l\u2019Universit\u00e9 de Versailles Saint Quentin en pr\u00e9sence des responsables de l\u2019universit\u00e9, de Mauri Ditzler, des maires de Noisy le Roi et Bailly et d\u2019un membre du comit\u00e9 de jumelage. Dans l\u2019apr\u00e8s-midi inauguration de la nouvelle plaque du square d\u2019Albion suivi d\u2019une visite du Coll\u00e8ge de La Quintinie.<br \/>\nLe samedi 24 juin, place de Godella, sur le site du march\u00e9 de Bailly eut lieu les signatures des documents officiels de comm\u00e9moration de ces jumelages.<br \/>\nLa journ\u00e9e du dimanche une visite du Ch\u00e2teau de Vaux le Vicomte cl\u00f4tura ces journ\u00e9es d\u2019anniversaires.<\/span><\/p><\/blockquote>\n","protected":false},"excerpt":{"rendered":"<p>A l\u2019occasion des anniversaires des jumelages avec les villes d\u2019Albion et de Godella, les municipalit\u00e9s de Bailly-Noisy le Roi et le comit\u00e9 de jumelage ont accueilli des d\u00e9l\u00e9gations am\u00e9ricaines et espagnoles. Pour Albion ils \u00e9taient 9 personnes, dont Sheryl Mitchell repr\u00e9sentant la municipalit\u00e9, \u00e0 arriver le 18 juin et rejoint le 22 juin par le [&hellip;]<\/p>\n","protected":false},"author":1,"featured_media":4453,"comment_status":"closed","ping_status":"open","sticky":false,"template":"","format":"standard","meta":[],"categories":[1],"tags":[],"yoast_head":"<!-- This site is optimized with the Yoast SEO plugin v18.5.1 - https:\/\/yoast.com\/wordpress\/plugins\/seo\/ -->\n<title>C\u00e9l\u00e9bration anniversaires de jumelages - Jumelage Noisy le Roi \/ Bailly<\/title>\n<meta name=\"robots\" content=\"index, follow, max-snippet:-1, max-image-preview:large, max-video-preview:-1\" \/>\n<link rel=\"canonical\" href=\"https:\/\/cjnrb.fr\/cjnrb_fr\/celebration-anniversaires-de-jumelages\/\" \/>\n<meta property=\"og:locale\" content=\"fr_FR\" \/>\n<meta property=\"og:type\" content=\"article\" \/>\n<meta property=\"og:title\" content=\"C\u00e9l\u00e9bration anniversaires de jumelages - Jumelage Noisy le Roi \/ Bailly\" \/>\n<meta property=\"og:description\" content=\"A l\u2019occasion des anniversaires des jumelages avec les villes d\u2019Albion et de Godella, les municipalit\u00e9s de Bailly-Noisy le Roi et le comit\u00e9 de jumelage ont accueilli des d\u00e9l\u00e9gations am\u00e9ricaines et espagnoles. Pour Albion ils \u00e9taient 9 personnes, dont Sheryl Mitchell repr\u00e9sentant la municipalit\u00e9, \u00e0 arriver le 18 juin et rejoint le 22 juin par le [&hellip;]\" \/>\n<meta property=\"og:url\" content=\"https:\/\/cjnrb.fr\/cjnrb_fr\/celebration-anniversaires-de-jumelages\/\" \/>\n<meta property=\"og:site_name\" content=\"Jumelage Noisy le Roi \/ Bailly\" \/>\n<meta property=\"article:published_time\" content=\"2017-06-24T15:58:38+00:00\" \/>\n<meta property=\"article:modified_time\" content=\"2019-01-18T17:08:49+00:00\" \/>\n<meta property=\"og:image\" content=\"https:\/\/cjnrb.fr\/cjnrb_fr\/wp-content\/uploads\/2017\/06\/IMG_0083-1-1030x773.jpg\" \/>\n\t<meta property=\"og:image:width\" content=\"1030\" \/>\n\t<meta property=\"og:image:height\" content=\"773\" \/>\n\t<meta property=\"og:image:type\" content=\"image\/jpeg\" \/>\n<meta name=\"twitter:card\" content=\"summary_large_image\" \/>\n<meta name=\"twitter:label1\" content=\"\u00c9crit par\" \/>\n\t<meta name=\"twitter:data1\" content=\"francois\" \/>\n\t<meta name=\"twitter:label2\" content=\"Dur\u00e9e de lecture estim\u00e9e\" \/>\n\t<meta name=\"twitter:data2\" content=\"1 minute\" \/>\n<script type=\"application\/ld+json\" class=\"yoast-schema-graph\">{\"@context\":\"https:\/\/schema.org\",\"@graph\":[{\"@type\":\"WebSite\",\"@id\":\"https:\/\/cjnrb.fr\/cjnrb_fr\/#website\",\"url\":\"https:\/\/cjnrb.fr\/cjnrb_fr\/\",\"name\":\"Jumelage Noisy le Roi \/ Bailly\",\"description\":\"\u00e9changes dans les domaines scolaires, culturels, sportifs, \u00e9conomiques et environnementaux avec les villes d\u2019Albion (USA) et Godella (Espagne) \",\"potentialAction\":[{\"@type\":\"SearchAction\",\"target\":{\"@type\":\"EntryPoint\",\"urlTemplate\":\"https:\/\/cjnrb.fr\/cjnrb_fr\/?s={search_term_string}\"},\"query-input\":\"required name=search_term_string\"}],\"inLanguage\":\"fr-FR\"},{\"@type\":\"ImageObject\",\"@id\":\"https:\/\/cjnrb.fr\/cjnrb_fr\/celebration-anniversaires-de-jumelages\/#primaryimage\",\"inLanguage\":\"fr-FR\",\"url\":\"https:\/\/cjnrb.fr\/cjnrb_fr\/wp-content\/uploads\/2017\/06\/IMG_0083-1.jpg\",\"contentUrl\":\"https:\/\/cjnrb.fr\/cjnrb_fr\/wp-content\/uploads\/2017\/06\/IMG_0083-1.jpg\",\"width\":4032,\"height\":3024,\"caption\":\"C\u00e9l\u00e9bration des anniversaires de jumelage\"},{\"@type\":\"WebPage\",\"@id\":\"https:\/\/cjnrb.fr\/cjnrb_fr\/celebration-anniversaires-de-jumelages\/#webpage\",\"url\":\"https:\/\/cjnrb.fr\/cjnrb_fr\/celebration-anniversaires-de-jumelages\/\",\"name\":\"C\u00e9l\u00e9bration anniversaires de jumelages - Jumelage Noisy le Roi \/ Bailly\",\"isPartOf\":{\"@id\":\"https:\/\/cjnrb.fr\/cjnrb_fr\/#website\"},\"primaryImageOfPage\":{\"@id\":\"https:\/\/cjnrb.fr\/cjnrb_fr\/celebration-anniversaires-de-jumelages\/#primaryimage\"},\"datePublished\":\"2017-06-24T15:58:38+00:00\",\"dateModified\":\"2019-01-18T17:08:49+00:00\",\"author\":{\"@id\":\"https:\/\/cjnrb.fr\/cjnrb_fr\/#\/schema\/person\/1d7e5959ede7cd403648c23fbf7a224c\"},\"breadcrumb\":{\"@id\":\"https:\/\/cjnrb.fr\/cjnrb_fr\/celebration-anniversaires-de-jumelages\/#breadcrumb\"},\"inLanguage\":\"fr-FR\",\"potentialAction\":[{\"@type\":\"ReadAction\",\"target\":[\"https:\/\/cjnrb.fr\/cjnrb_fr\/celebration-anniversaires-de-jumelages\/\"]}]},{\"@type\":\"BreadcrumbList\",\"@id\":\"https:\/\/cjnrb.fr\/cjnrb_fr\/celebration-anniversaires-de-jumelages\/#breadcrumb\",\"itemListElement\":[{\"@type\":\"ListItem\",\"position\":1,\"name\":\"Accueil\",\"item\":\"https:\/\/cjnrb.fr\/cjnrb_fr\/\"},{\"@type\":\"ListItem\",\"position\":2,\"name\":\"C\u00e9l\u00e9bration anniversaires de jumelages\"}]},{\"@type\":\"Person\",\"@id\":\"https:\/\/cjnrb.fr\/cjnrb_fr\/#\/schema\/person\/1d7e5959ede7cd403648c23fbf7a224c\",\"name\":\"francois\",\"image\":{\"@type\":\"ImageObject\",\"@id\":\"https:\/\/cjnrb.fr\/cjnrb_fr\/#personlogo\",\"inLanguage\":\"fr-FR\",\"url\":\"https:\/\/secure.gravatar.com\/avatar\/89e31bd17b28c77cebe20b6999903d3a?s=96&d=mm&r=g\",\"contentUrl\":\"https:\/\/secure.gravatar.com\/avatar\/89e31bd17b28c77cebe20b6999903d3a?s=96&d=mm&r=g\",\"caption\":\"francois\"},\"url\":\"https:\/\/cjnrb.fr\/cjnrb_fr\/author\/francois\/\"}]}<\/script>\n<!-- \/ Yoast SEO plugin. -->","yoast_head_json":{"title":"C\u00e9l\u00e9bration anniversaires de jumelages - Jumelage Noisy le Roi \/ Bailly","robots":{"index":"index","follow":"follow","max-snippet":"max-snippet:-1","max-image-preview":"max-image-preview:large","max-video-preview":"max-video-preview:-1"},"canonical":"https:\/\/cjnrb.fr\/cjnrb_fr\/celebration-anniversaires-de-jumelages\/","og_locale":"fr_FR","og_type":"article","og_title":"C\u00e9l\u00e9bration anniversaires de jumelages - Jumelage Noisy le Roi \/ Bailly","og_description":"A l\u2019occasion des anniversaires des jumelages avec les villes d\u2019Albion et de Godella, les municipalit\u00e9s de Bailly-Noisy le Roi et le comit\u00e9 de jumelage ont accueilli des d\u00e9l\u00e9gations am\u00e9ricaines et espagnoles. Pour Albion ils \u00e9taient 9 personnes, dont Sheryl Mitchell repr\u00e9sentant la municipalit\u00e9, \u00e0 arriver le 18 juin et rejoint le 22 juin par le [&hellip;]","og_url":"https:\/\/cjnrb.fr\/cjnrb_fr\/celebration-anniversaires-de-jumelages\/","og_site_name":"Jumelage Noisy le Roi \/ Bailly","article_published_time":"2017-06-24T15:58:38+00:00","article_modified_time":"2019-01-18T17:08:49+00:00","og_image":[{"width":1030,"height":773,"url":"https:\/\/cjnrb.fr\/cjnrb_fr\/wp-content\/uploads\/2017\/06\/IMG_0083-1-1030x773.jpg","type":"image\/jpeg"}],"twitter_card":"summary_large_image","twitter_misc":{"\u00c9crit par":"francois","Dur\u00e9e de lecture estim\u00e9e":"1 minute"},"schema":{"@context":"https:\/\/schema.org","@graph":[{"@type":"WebSite","@id":"https:\/\/cjnrb.fr\/cjnrb_fr\/#website","url":"https:\/\/cjnrb.fr\/cjnrb_fr\/","name":"Jumelage Noisy le Roi \/ Bailly","description":"\u00e9changes dans les domaines scolaires, culturels, sportifs, \u00e9conomiques et environnementaux avec les villes d\u2019Albion (USA) et Godella (Espagne) ","potentialAction":[{"@type":"SearchAction","target":{"@type":"EntryPoint","urlTemplate":"https:\/\/cjnrb.fr\/cjnrb_fr\/?s={search_term_string}"},"query-input":"required name=search_term_string"}],"inLanguage":"fr-FR"},{"@type":"ImageObject","@id":"https:\/\/cjnrb.fr\/cjnrb_fr\/celebration-anniversaires-de-jumelages\/#primaryimage","inLanguage":"fr-FR","url":"https:\/\/cjnrb.fr\/cjnrb_fr\/wp-content\/uploads\/2017\/06\/IMG_0083-1.jpg","contentUrl":"https:\/\/cjnrb.fr\/cjnrb_fr\/wp-content\/uploads\/2017\/06\/IMG_0083-1.jpg","width":4032,"height":3024,"caption":"C\u00e9l\u00e9bration des anniversaires de jumelage"},{"@type":"WebPage","@id":"https:\/\/cjnrb.fr\/cjnrb_fr\/celebration-anniversaires-de-jumelages\/#webpage","url":"https:\/\/cjnrb.fr\/cjnrb_fr\/celebration-anniversaires-de-jumelages\/","name":"C\u00e9l\u00e9bration anniversaires de jumelages - Jumelage Noisy le Roi \/ Bailly","isPartOf":{"@id":"https:\/\/cjnrb.fr\/cjnrb_fr\/#website"},"primaryImageOfPage":{"@id":"https:\/\/cjnrb.fr\/cjnrb_fr\/celebration-anniversaires-de-jumelages\/#primaryimage"},"datePublished":"2017-06-24T15:58:38+00:00","dateModified":"2019-01-18T17:08:49+00:00","author":{"@id":"https:\/\/cjnrb.fr\/cjnrb_fr\/#\/schema\/person\/1d7e5959ede7cd403648c23fbf7a224c"},"breadcrumb":{"@id":"https:\/\/cjnrb.fr\/cjnrb_fr\/celebration-anniversaires-de-jumelages\/#breadcrumb"},"inLanguage":"fr-FR","potentialAction":[{"@type":"ReadAction","target":["https:\/\/cjnrb.fr\/cjnrb_fr\/celebration-anniversaires-de-jumelages\/"]}]},{"@type":"BreadcrumbList","@id":"https:\/\/cjnrb.fr\/cjnrb_fr\/celebration-anniversaires-de-jumelages\/#breadcrumb","itemListElement":[{"@type":"ListItem","position":1,"name":"Accueil","item":"https:\/\/cjnrb.fr\/cjnrb_fr\/"},{"@type":"ListItem","position":2,"name":"C\u00e9l\u00e9bration anniversaires de jumelages"}]},{"@type":"Person","@id":"https:\/\/cjnrb.fr\/cjnrb_fr\/#\/schema\/person\/1d7e5959ede7cd403648c23fbf7a224c","name":"francois","image":{"@type":"ImageObject","@id":"https:\/\/cjnrb.fr\/cjnrb_fr\/#personlogo","inLanguage":"fr-FR","url":"https:\/\/secure.gravatar.com\/avatar\/89e31bd17b28c77cebe20b6999903d3a?s=96&d=mm&r=g","contentUrl":"https:\/\/secure.gravatar.com\/avatar\/89e31bd17b28c77cebe20b6999903d3a?s=96&d=mm&r=g","caption":"francois"},"url":"https:\/\/cjnrb.fr\/cjnrb_fr\/author\/francois\/"}]}},"_links":{"self":[{"href":"https:\/\/cjnrb.fr\/cjnrb_fr\/wp-json\/wp\/v2\/posts\/4448"}],"collection":[{"href":"https:\/\/cjnrb.fr\/cjnrb_fr\/wp-json\/wp\/v2\/posts"}],"about":[{"href":"https:\/\/cjnrb.fr\/cjnrb_fr\/wp-json\/wp\/v2\/types\/post"}],"author":[{"embeddable":true,"href":"https:\/\/cjnrb.fr\/cjnrb_fr\/wp-json\/wp\/v2\/users\/1"}],"replies":[{"embeddable":true,"href":"https:\/\/cjnrb.fr\/cjnrb_fr\/wp-json\/wp\/v2\/comments?post=4448"}],"version-history":[{"count":2,"href":"https:\/\/cjnrb.fr\/cjnrb_fr\/wp-json\/wp\/v2\/posts\/4448\/revisions"}],"predecessor-version":[{"id":4464,"href":"https:\/\/cjnrb.fr\/cjnrb_fr\/wp-json\/wp\/v2\/posts\/4448\/revisions\/4464"}],"wp:featuredmedia":[{"embeddable":true,"href":"https:\/\/cjnrb.fr\/cjnrb_fr\/wp-json\/wp\/v2\/media\/4453"}],"wp:attachment":[{"href":"https:\/\/cjnrb.fr\/cjnrb_fr\/wp-json\/wp\/v2\/media?parent=4448"}],"wp:term":[{"taxonomy":"category","embeddable":true,"href":"https:\/\/cjnrb.fr\/cjnrb_fr\/wp-json\/wp\/v2\/categories?post=4448"},{"taxonomy":"post_tag","embeddable":true,"href":"https:\/\/cjnrb.fr\/cjnrb_fr\/wp-json\/wp\/v2\/tags?post=4448"}],"curies":[{"name":"wp","href":"https:\/\/api.w.org\/{rel}","templated":true}]}}