{"id":3797,"date":"2009-05-02T15:16:16","date_gmt":"2009-05-02T13:16:16","guid":{"rendered":"http:\/\/cjnrb.fr\/cjnrb_fr\/?p=3797"},"modified":"2018-11-02T17:14:15","modified_gmt":"2018-11-02T16:14:15","slug":"seniors-dalbion","status":"publish","type":"post","link":"https:\/\/cjnrb.fr\/cjnrb_fr\/seniors-dalbion\/","title":{"rendered":"Seniors d&rsquo;Albion"},"content":{"rendered":"<blockquote><p><strong><span class=\"texte\">Pour la premi\u00e8re fois depuis notre jumelage avec Albion nous avons accueilli un groupe de Seniors d\u2019Albion venus passer une dizaine de jours dans notre r\u00e9gion. Ce voyage culturel, propos\u00e9 par Michelle Mueller, Pr\u00e9sidente du Sister Committee d\u2019Albion, et pr\u00e9par\u00e9 de longue date par Didier Caels du Comit\u00e9 de Jumelage de Noisy le Roi-Bailly (CJNRB) avait pour th\u00e8me \u00ab Le Chemin des Impressionnistes \u00bb<\/span><\/strong><\/p><\/blockquote>\n<p class=\"texte\">Nous vous convions \u00e0 prendre connaissance, ci-apr\u00e8s, du d\u00e9tail de leur programme d\u2019activit\u00e9 dont ils ont totalement assur\u00e9 le financement.<\/p>\n<p class=\"texte\"><strong>Samedi 16 mai 2009<\/strong><\/p>\n<p class=\"texte\">Dans l\u2019apr\u00e8s-midi un autobus vient chercher le groupe \u00e0 Roissy avec G\u00e9rard Florentin et son \u00e9pouse pour les accueillir. Arriv\u00e9s \u00e0 Noisy le Roi ils sont r\u00e9partis dans les familles d\u2019accueil.<br \/>\nInvit\u00e9s \u00e0 d\u00eener par la Mairie de Bailly ils go\u00fbtent \u00e0 leur premier repas de cuisine fran\u00e7aise et admirent les prouesses d\u2019un prestidigitateur tout en \u00e9tant berc\u00e9s par la musique et les chants d\u2019un groupe folklorique polonais.<\/p>\n<p class=\"texte\"><strong>Dimanche 17 mai 2009<\/strong><\/p>\n<p class=\"texte\">Temps libre afin de permettre de faire plus ample connaissance avec leur famille d\u2019accueil.<\/p>\n<p class=\"texte\"><strong>Lundi 18 mai 2009<\/strong><\/p>\n<p class=\"texte\">D\u00e9part vers 8 heures en direction de Giverny pour visite des jardins et maison de Claude Monet. Sur place pris en charge par une conf\u00e9renci\u00e8re, la visite des jardins est un enchantement. Apr\u00e8s le d\u00e9jeuner tour dans le mus\u00e9e pour admirer les peintures de Claude Monet puis direction des Andelys pour d\u00e9couvrir les ruines de Ch\u00e2teau Gaillard, la forteresse \u00e9rig\u00e9e par Richard C\u0153ur de Lion.<br \/>\nLa journ\u00e9e s\u2019ach\u00e8ve par une r\u00e9ception \u00e0 la Mairie de Noisy le Roi avec des mots de bienvenue de Michel Colin, Maire de Noisy, et suivi d\u2019un cocktail.<\/p>\n<p class=\"texte\"><strong>Mardi 19 mai 2009<\/strong><\/p>\n<p class=\"texte\">Au programme visite d\u2019un haut lieu culturel\u00a0: le Mus\u00e9e d\u2019Orsay. En utilisant les transports en commun, Bus et RER, l\u2019arriv\u00e9e au mus\u00e9e est rapide. Les tr\u00e8s nombreuses toiles d\u2019impressionnistes pr\u00e9sentes ont \u00e9merveill\u00e9 nos visiteurs. Apr\u00e8s le d\u00e9jeuner, pris sur place, fl\u00e2nerie dans les rues de la capitale pour gagner \u00e0 petits pas la gare Saint Lazare puis Noisy le Roi par le train.<\/p>\n<p class=\"texte\"><strong>Mercredi 20 mai 2009<\/strong><\/p>\n<p class=\"texte\">C\u2019est une journ\u00e9e libre. Toutefois, organis\u00e9e par Fran\u00e7ois Marteau, Pr\u00e9sident de l\u2019association Renaissance du Patrimoine, et avec l\u2019aide d\u2019Alain Loppinet de la Mairie de Bailly, une ballade a \u00e9t\u00e9 organis\u00e9e pour les Seniors. Elle commen\u00e7a par la visite des jardins de Marly le Roi puis nous nous sommes rendus \u00e0 Louveciennes admirer les nombreuses reproductions de tableaux des impressionnistes et enfin nous sommes arriv\u00e9s \u00e0 Chatou dans l\u2019\u00eele des Impressionnistes et avons d\u00e9jeun\u00e9 au restaurant Fournaise tr\u00e8s activement fr\u00e9quent\u00e9 \u00e0 l\u2019\u00e9poque par les impressionnistes o\u00f9 fut peint le c\u00e9l\u00e8bre tableau \u00ab\u00a0le d\u00e9jeuner des canotiers\u00a0\u00bb d\u2019Auguste Renoir. Apr\u00e8s la visite du mus\u00e9e retour \u00e0 Noisy le Roi.<\/p>\n<p class=\"texte\"><strong>Jeudi 21 mai 2009<\/strong><\/p>\n<p class=\"texte\">Un d\u00e9part matinal conduisit le groupe au Port de l\u2019Arsenal \u00e0 Paris pour une petite croisi\u00e8re sur la Seine et sur la Marne pour atteindre une c\u00e9l\u00e8bre guinguette \u00ab\u00a0chez G\u00e9g\u00e8ne\u00a0\u00bb \u00e0 l\u2019atmosph\u00e8re fin du 19\u00e8 si\u00e8cle qui \u00e9tait, \u00e0 l\u2019\u00e9poque, un lieu tr\u00e8s fr\u00e9quent\u00e9 par des impressionnistes tels que Renoir, Manet, Pizarro, Sisley etc.. D\u00e9jeuner et danse au programme.<\/p>\n<p class=\"texte\"><strong>Vendredi 22 mai 2009<\/strong><\/p>\n<p class=\"texte\">Cette journ\u00e9e \u00e9tait consacr\u00e9e \u00e0 Van Gogh. Aussi le groupe prit la direction d\u2019Auvers sur Oise o\u00f9 Van Gogh passa les derniers jours de sa vie. Apr\u00e8s la visite de la maison de Van Gogh, d\u00e9jeuner dans une auberge typique puis visite de la maison Atelier d\u2019Aubigny puis celle du Docteur Gachet, le m\u00e9decin de Van Gogh.<br \/>\nLe soir un d\u00eener r\u00e9unit nos amis am\u00e9ricains, les familles d\u2019accueil, des membres des municipalit\u00e9s de Noisy le Roi et Bailly et du CJNRB \u00e0 la salle du Relais dans une atmosph\u00e8re tr\u00e8s conviviale et chaleureuse.<\/p>\n<p class=\"texte\"><strong>Samedi 23 mai 2009<\/strong><\/p>\n<p class=\"texte\">En ce dernier jour de visites les Seniors se rendirent \u00e0 Rambouillet o\u00f9 ils purent admirer les belles boiseries du ch\u00e2teau et un petit pavillon aux murs int\u00e9rieurs enti\u00e8rement tapiss\u00e9s de coquillages. Apr\u00e8s le d\u00e9jeuner ils se rendirent aux Vaux de Cernay, dans la for\u00eat de Rambouillet, qui fut un haut lieu d\u2019inspiration pour de nombreux impressionnistes.<\/p>\n<p class=\"texte\"><strong>Dimanche 23 mai 2009<\/strong><\/p>\n<p class=\"texte\">Le jour du retour pour nos amis Seniors \u00e0 Albion. Embrassades et promesses de se revoir un jour soit ici soit aux Etats-Unis.<\/p>\n<p class=\"texte\">Si ce voyage a \u00e9t\u00e9 une pleine r\u00e9ussite c\u2019est gr\u00e2ce \u00e0 l\u2019hospitalit\u00e9 des familles d\u2019accueil sans qui cela n\u2019aurait pas pu se r\u00e9aliser, \u00e0 la disponibilit\u00e9 des b\u00e9n\u00e9voles et au remarquable travail d\u2019organisation de Didier Caels qui a permis que tout ce programme se d\u00e9roule dans les meilleures conditions. Qu\u2019ils en soient tous chaleureusement remerci\u00e9s.<\/p>\n\n\t\t<style type=\"text\/css\">\n\t\t\t#gallery-1 {\n\t\t\t\tmargin: auto;\n\t\t\t}\n\t\t\t#gallery-1 .gallery-item {\n\t\t\t\tfloat: left;\n\t\t\t\tmargin-top: 10px;\n\t\t\t\ttext-align: center;\n\t\t\t\twidth: 20%;\n\t\t\t}\n\t\t\t#gallery-1 img {\n\t\t\t\tborder: 2px solid #cfcfcf;\n\t\t\t}\n\t\t\t#gallery-1 .gallery-caption {\n\t\t\t\tmargin-left: 0;\n\t\t\t}\n\t\t\t\/* see gallery_shortcode() in wp-includes\/media.php *\/\n\t\t<\/style>\n\t\t<div id='gallery-1' class='gallery galleryid-3797 gallery-columns-5 gallery-size-thumbnail'><dl class='gallery-item'>\n\t\t\t<dt class='gallery-icon landscape'>\n\t\t\t\t<a href='https:\/\/cjnrb.fr\/cjnrb_fr\/wp-content\/uploads\/2018\/11\/A-la-table-dorientation-avec-le-tableau-peint-par-Sisley-\u00e0-Noisy-le-Roi.jpg'><img width=\"80\" height=\"80\" src=\"https:\/\/cjnrb.fr\/cjnrb_fr\/wp-content\/uploads\/2018\/11\/A-la-table-dorientation-avec-le-tableau-peint-par-Sisley-\u00e0-Noisy-le-Roi-80x80.jpg\" class=\"attachment-thumbnail size-thumbnail\" alt=\"\" loading=\"lazy\" aria-describedby=\"gallery-1-3798\" srcset=\"https:\/\/cjnrb.fr\/cjnrb_fr\/wp-content\/uploads\/2018\/11\/A-la-table-dorientation-avec-le-tableau-peint-par-Sisley-\u00e0-Noisy-le-Roi-80x80.jpg 80w, https:\/\/cjnrb.fr\/cjnrb_fr\/wp-content\/uploads\/2018\/11\/A-la-table-dorientation-avec-le-tableau-peint-par-Sisley-\u00e0-Noisy-le-Roi-36x36.jpg 36w, https:\/\/cjnrb.fr\/cjnrb_fr\/wp-content\/uploads\/2018\/11\/A-la-table-dorientation-avec-le-tableau-peint-par-Sisley-\u00e0-Noisy-le-Roi-180x180.jpg 180w, https:\/\/cjnrb.fr\/cjnrb_fr\/wp-content\/uploads\/2018\/11\/A-la-table-dorientation-avec-le-tableau-peint-par-Sisley-\u00e0-Noisy-le-Roi-120x120.jpg 120w\" sizes=\"(max-width: 80px) 100vw, 80px\" \/><\/a>\n\t\t\t<\/dt>\n\t\t\t\t<dd class='wp-caption-text gallery-caption' id='gallery-1-3798'>\n\t\t\t\tA la table d&rsquo;orientation avec le tableau peint par Sisley \u00e0 Noisy le Roi\n\t\t\t\t<\/dd><\/dl><dl class='gallery-item'>\n\t\t\t<dt class='gallery-icon landscape'>\n\t\t\t\t<a href='https:\/\/cjnrb.fr\/cjnrb_fr\/wp-content\/uploads\/2018\/11\/A-l\u00e9coute-de-la-conf\u00e9renci\u00e8re.jpg'><img width=\"80\" height=\"80\" src=\"https:\/\/cjnrb.fr\/cjnrb_fr\/wp-content\/uploads\/2018\/11\/A-l\u00e9coute-de-la-conf\u00e9renci\u00e8re-80x80.jpg\" class=\"attachment-thumbnail size-thumbnail\" alt=\"\" loading=\"lazy\" aria-describedby=\"gallery-1-3799\" srcset=\"https:\/\/cjnrb.fr\/cjnrb_fr\/wp-content\/uploads\/2018\/11\/A-l\u00e9coute-de-la-conf\u00e9renci\u00e8re-80x80.jpg 80w, https:\/\/cjnrb.fr\/cjnrb_fr\/wp-content\/uploads\/2018\/11\/A-l\u00e9coute-de-la-conf\u00e9renci\u00e8re-36x36.jpg 36w, https:\/\/cjnrb.fr\/cjnrb_fr\/wp-content\/uploads\/2018\/11\/A-l\u00e9coute-de-la-conf\u00e9renci\u00e8re-180x180.jpg 180w, https:\/\/cjnrb.fr\/cjnrb_fr\/wp-content\/uploads\/2018\/11\/A-l\u00e9coute-de-la-conf\u00e9renci\u00e8re-120x120.jpg 120w\" sizes=\"(max-width: 80px) 100vw, 80px\" \/><\/a>\n\t\t\t<\/dt>\n\t\t\t\t<dd class='wp-caption-text gallery-caption' id='gallery-1-3799'>\n\t\t\t\tA l&rsquo;\u00e9coute de la conf\u00e9renci\u00e8re\n\t\t\t\t<\/dd><\/dl><dl class='gallery-item'>\n\t\t\t<dt class='gallery-icon landscape'>\n\t\t\t\t<a href='https:\/\/cjnrb.fr\/cjnrb_fr\/wp-content\/uploads\/2018\/11\/A-Louveciennes.jpg'><img width=\"80\" height=\"80\" src=\"https:\/\/cjnrb.fr\/cjnrb_fr\/wp-content\/uploads\/2018\/11\/A-Louveciennes-80x80.jpg\" class=\"attachment-thumbnail size-thumbnail\" alt=\"\" loading=\"lazy\" aria-describedby=\"gallery-1-3800\" srcset=\"https:\/\/cjnrb.fr\/cjnrb_fr\/wp-content\/uploads\/2018\/11\/A-Louveciennes-80x80.jpg 80w, https:\/\/cjnrb.fr\/cjnrb_fr\/wp-content\/uploads\/2018\/11\/A-Louveciennes-36x36.jpg 36w, https:\/\/cjnrb.fr\/cjnrb_fr\/wp-content\/uploads\/2018\/11\/A-Louveciennes-180x180.jpg 180w, https:\/\/cjnrb.fr\/cjnrb_fr\/wp-content\/uploads\/2018\/11\/A-Louveciennes-120x120.jpg 120w\" sizes=\"(max-width: 80px) 100vw, 80px\" \/><\/a>\n\t\t\t<\/dt>\n\t\t\t\t<dd class='wp-caption-text gallery-caption' id='gallery-1-3800'>\n\t\t\t\tA Louveciennes\n\t\t\t\t<\/dd><\/dl><dl class='gallery-item'>\n\t\t\t<dt class='gallery-icon landscape'>\n\t\t\t\t<a href='https:\/\/cjnrb.fr\/cjnrb_fr\/wp-content\/uploads\/2018\/11\/Arriv\u00e9e-\u00e0-Giverny-devant-la-maison-de-Claude-Monet.jpg'><img width=\"80\" height=\"80\" src=\"https:\/\/cjnrb.fr\/cjnrb_fr\/wp-content\/uploads\/2018\/11\/Arriv\u00e9e-\u00e0-Giverny-devant-la-maison-de-Claude-Monet-80x80.jpg\" class=\"attachment-thumbnail size-thumbnail\" alt=\"\" loading=\"lazy\" aria-describedby=\"gallery-1-3801\" srcset=\"https:\/\/cjnrb.fr\/cjnrb_fr\/wp-content\/uploads\/2018\/11\/Arriv\u00e9e-\u00e0-Giverny-devant-la-maison-de-Claude-Monet-80x80.jpg 80w, https:\/\/cjnrb.fr\/cjnrb_fr\/wp-content\/uploads\/2018\/11\/Arriv\u00e9e-\u00e0-Giverny-devant-la-maison-de-Claude-Monet-36x36.jpg 36w, https:\/\/cjnrb.fr\/cjnrb_fr\/wp-content\/uploads\/2018\/11\/Arriv\u00e9e-\u00e0-Giverny-devant-la-maison-de-Claude-Monet-180x180.jpg 180w, https:\/\/cjnrb.fr\/cjnrb_fr\/wp-content\/uploads\/2018\/11\/Arriv\u00e9e-\u00e0-Giverny-devant-la-maison-de-Claude-Monet-120x120.jpg 120w\" sizes=\"(max-width: 80px) 100vw, 80px\" \/><\/a>\n\t\t\t<\/dt>\n\t\t\t\t<dd class='wp-caption-text gallery-caption' id='gallery-1-3801'>\n\t\t\t\tArriv\u00e9e \u00e0 Giverny devant la maison de Claude Monet\n\t\t\t\t<\/dd><\/dl><dl class='gallery-item'>\n\t\t\t<dt class='gallery-icon landscape'>\n\t\t\t\t<a href='https:\/\/cjnrb.fr\/cjnrb_fr\/wp-content\/uploads\/2018\/11\/Au-loin-les-ruines-de-Ch\u00e2teau-Gaillard.jpg'><img width=\"80\" height=\"80\" src=\"https:\/\/cjnrb.fr\/cjnrb_fr\/wp-content\/uploads\/2018\/11\/Au-loin-les-ruines-de-Ch\u00e2teau-Gaillard-80x80.jpg\" class=\"attachment-thumbnail size-thumbnail\" alt=\"\" loading=\"lazy\" aria-describedby=\"gallery-1-3802\" srcset=\"https:\/\/cjnrb.fr\/cjnrb_fr\/wp-content\/uploads\/2018\/11\/Au-loin-les-ruines-de-Ch\u00e2teau-Gaillard-80x80.jpg 80w, https:\/\/cjnrb.fr\/cjnrb_fr\/wp-content\/uploads\/2018\/11\/Au-loin-les-ruines-de-Ch\u00e2teau-Gaillard-36x36.jpg 36w, https:\/\/cjnrb.fr\/cjnrb_fr\/wp-content\/uploads\/2018\/11\/Au-loin-les-ruines-de-Ch\u00e2teau-Gaillard-180x180.jpg 180w, https:\/\/cjnrb.fr\/cjnrb_fr\/wp-content\/uploads\/2018\/11\/Au-loin-les-ruines-de-Ch\u00e2teau-Gaillard-120x120.jpg 120w\" sizes=\"(max-width: 80px) 100vw, 80px\" \/><\/a>\n\t\t\t<\/dt>\n\t\t\t\t<dd class='wp-caption-text gallery-caption' id='gallery-1-3802'>\n\t\t\t\tAu loin les ruines de Ch\u00e2teau Gaillard\n\t\t\t\t<\/dd><\/dl><br style=\"clear: both\" \/><dl class='gallery-item'>\n\t\t\t<dt class='gallery-icon landscape'>\n\t\t\t\t<a href='https:\/\/cjnrb.fr\/cjnrb_fr\/wp-content\/uploads\/2018\/11\/Au-restaurant-Fournaise.jpg'><img width=\"80\" height=\"80\" src=\"https:\/\/cjnrb.fr\/cjnrb_fr\/wp-content\/uploads\/2018\/11\/Au-restaurant-Fournaise-80x80.jpg\" class=\"attachment-thumbnail size-thumbnail\" alt=\"\" loading=\"lazy\" aria-describedby=\"gallery-1-3803\" srcset=\"https:\/\/cjnrb.fr\/cjnrb_fr\/wp-content\/uploads\/2018\/11\/Au-restaurant-Fournaise-80x80.jpg 80w, https:\/\/cjnrb.fr\/cjnrb_fr\/wp-content\/uploads\/2018\/11\/Au-restaurant-Fournaise-36x36.jpg 36w, https:\/\/cjnrb.fr\/cjnrb_fr\/wp-content\/uploads\/2018\/11\/Au-restaurant-Fournaise-180x180.jpg 180w, https:\/\/cjnrb.fr\/cjnrb_fr\/wp-content\/uploads\/2018\/11\/Au-restaurant-Fournaise-120x120.jpg 120w\" sizes=\"(max-width: 80px) 100vw, 80px\" \/><\/a>\n\t\t\t<\/dt>\n\t\t\t\t<dd class='wp-caption-text gallery-caption' id='gallery-1-3803'>\n\t\t\t\tAu restaurant Fournaise\n\t\t\t\t<\/dd><\/dl><dl class='gallery-item'>\n\t\t\t<dt class='gallery-icon landscape'>\n\t\t\t\t<a href='https:\/\/cjnrb.fr\/cjnrb_fr\/wp-content\/uploads\/2018\/11\/Aux-Vaux-de-Cernay.jpg'><img width=\"80\" height=\"80\" src=\"https:\/\/cjnrb.fr\/cjnrb_fr\/wp-content\/uploads\/2018\/11\/Aux-Vaux-de-Cernay-80x80.jpg\" class=\"attachment-thumbnail size-thumbnail\" alt=\"\" loading=\"lazy\" aria-describedby=\"gallery-1-3804\" srcset=\"https:\/\/cjnrb.fr\/cjnrb_fr\/wp-content\/uploads\/2018\/11\/Aux-Vaux-de-Cernay-80x80.jpg 80w, https:\/\/cjnrb.fr\/cjnrb_fr\/wp-content\/uploads\/2018\/11\/Aux-Vaux-de-Cernay-36x36.jpg 36w, https:\/\/cjnrb.fr\/cjnrb_fr\/wp-content\/uploads\/2018\/11\/Aux-Vaux-de-Cernay-180x180.jpg 180w, https:\/\/cjnrb.fr\/cjnrb_fr\/wp-content\/uploads\/2018\/11\/Aux-Vaux-de-Cernay-120x120.jpg 120w\" sizes=\"(max-width: 80px) 100vw, 80px\" \/><\/a>\n\t\t\t<\/dt>\n\t\t\t\t<dd class='wp-caption-text gallery-caption' id='gallery-1-3804'>\n\t\t\t\tAux Vaux de Cernay\n\t\t\t\t<\/dd><\/dl><dl class='gallery-item'>\n\t\t\t<dt class='gallery-icon landscape'>\n\t\t\t\t<a href='https:\/\/cjnrb.fr\/cjnrb_fr\/wp-content\/uploads\/2018\/11\/Conviviale-ambiance-au-d\u00eener-salle-du-Relais.jpg'><img width=\"80\" height=\"80\" src=\"https:\/\/cjnrb.fr\/cjnrb_fr\/wp-content\/uploads\/2018\/11\/Conviviale-ambiance-au-d\u00eener-salle-du-Relais-80x80.jpg\" class=\"attachment-thumbnail size-thumbnail\" alt=\"\" loading=\"lazy\" aria-describedby=\"gallery-1-3805\" srcset=\"https:\/\/cjnrb.fr\/cjnrb_fr\/wp-content\/uploads\/2018\/11\/Conviviale-ambiance-au-d\u00eener-salle-du-Relais-80x80.jpg 80w, https:\/\/cjnrb.fr\/cjnrb_fr\/wp-content\/uploads\/2018\/11\/Conviviale-ambiance-au-d\u00eener-salle-du-Relais-36x36.jpg 36w, https:\/\/cjnrb.fr\/cjnrb_fr\/wp-content\/uploads\/2018\/11\/Conviviale-ambiance-au-d\u00eener-salle-du-Relais-180x180.jpg 180w, https:\/\/cjnrb.fr\/cjnrb_fr\/wp-content\/uploads\/2018\/11\/Conviviale-ambiance-au-d\u00eener-salle-du-Relais-120x120.jpg 120w\" sizes=\"(max-width: 80px) 100vw, 80px\" \/><\/a>\n\t\t\t<\/dt>\n\t\t\t\t<dd class='wp-caption-text gallery-caption' id='gallery-1-3805'>\n\t\t\t\tConviviale ambiance au d\u00eener salle du Relais\n\t\t\t\t<\/dd><\/dl><dl class='gallery-item'>\n\t\t\t<dt class='gallery-icon landscape'>\n\t\t\t\t<a href='https:\/\/cjnrb.fr\/cjnrb_fr\/wp-content\/uploads\/2018\/11\/De-vaillants-marcheurs-\u00e0-Rambouillet.jpg'><img width=\"80\" height=\"80\" src=\"https:\/\/cjnrb.fr\/cjnrb_fr\/wp-content\/uploads\/2018\/11\/De-vaillants-marcheurs-\u00e0-Rambouillet-80x80.jpg\" class=\"attachment-thumbnail size-thumbnail\" alt=\"\" loading=\"lazy\" aria-describedby=\"gallery-1-3806\" srcset=\"https:\/\/cjnrb.fr\/cjnrb_fr\/wp-content\/uploads\/2018\/11\/De-vaillants-marcheurs-\u00e0-Rambouillet-80x80.jpg 80w, https:\/\/cjnrb.fr\/cjnrb_fr\/wp-content\/uploads\/2018\/11\/De-vaillants-marcheurs-\u00e0-Rambouillet-36x36.jpg 36w, https:\/\/cjnrb.fr\/cjnrb_fr\/wp-content\/uploads\/2018\/11\/De-vaillants-marcheurs-\u00e0-Rambouillet-180x180.jpg 180w, https:\/\/cjnrb.fr\/cjnrb_fr\/wp-content\/uploads\/2018\/11\/De-vaillants-marcheurs-\u00e0-Rambouillet-120x120.jpg 120w\" sizes=\"(max-width: 80px) 100vw, 80px\" \/><\/a>\n\t\t\t<\/dt>\n\t\t\t\t<dd class='wp-caption-text gallery-caption' id='gallery-1-3806'>\n\t\t\t\tDe vaillants marcheurs \u00e0 Rambouillet\n\t\t\t\t<\/dd><\/dl><dl class='gallery-item'>\n\t\t\t<dt class='gallery-icon landscape'>\n\t\t\t\t<a href='https:\/\/cjnrb.fr\/cjnrb_fr\/wp-content\/uploads\/2018\/11\/Didier-Caels-lorganisateur-du-programme-des-activit\u00e9s.jpg'><img width=\"80\" height=\"80\" src=\"https:\/\/cjnrb.fr\/cjnrb_fr\/wp-content\/uploads\/2018\/11\/Didier-Caels-lorganisateur-du-programme-des-activit\u00e9s-80x80.jpg\" class=\"attachment-thumbnail size-thumbnail\" alt=\"\" loading=\"lazy\" aria-describedby=\"gallery-1-3807\" srcset=\"https:\/\/cjnrb.fr\/cjnrb_fr\/wp-content\/uploads\/2018\/11\/Didier-Caels-lorganisateur-du-programme-des-activit\u00e9s-80x80.jpg 80w, https:\/\/cjnrb.fr\/cjnrb_fr\/wp-content\/uploads\/2018\/11\/Didier-Caels-lorganisateur-du-programme-des-activit\u00e9s-36x36.jpg 36w, https:\/\/cjnrb.fr\/cjnrb_fr\/wp-content\/uploads\/2018\/11\/Didier-Caels-lorganisateur-du-programme-des-activit\u00e9s-180x180.jpg 180w, https:\/\/cjnrb.fr\/cjnrb_fr\/wp-content\/uploads\/2018\/11\/Didier-Caels-lorganisateur-du-programme-des-activit\u00e9s-120x120.jpg 120w\" sizes=\"(max-width: 80px) 100vw, 80px\" \/><\/a>\n\t\t\t<\/dt>\n\t\t\t\t<dd class='wp-caption-text gallery-caption' id='gallery-1-3807'>\n\t\t\t\tDidier Caels l&rsquo;organisateur du programme des activit\u00e9s\n\t\t\t\t<\/dd><\/dl><br style=\"clear: both\" \/><dl class='gallery-item'>\n\t\t\t<dt class='gallery-icon landscape'>\n\t\t\t\t<a href='https:\/\/cjnrb.fr\/cjnrb_fr\/wp-content\/uploads\/2018\/11\/Discours-de-Michel-Colin-Maire-de-Noisy-le-Roi.jpg'><img width=\"80\" height=\"80\" src=\"https:\/\/cjnrb.fr\/cjnrb_fr\/wp-content\/uploads\/2018\/11\/Discours-de-Michel-Colin-Maire-de-Noisy-le-Roi-80x80.jpg\" class=\"attachment-thumbnail size-thumbnail\" alt=\"\" loading=\"lazy\" aria-describedby=\"gallery-1-3808\" srcset=\"https:\/\/cjnrb.fr\/cjnrb_fr\/wp-content\/uploads\/2018\/11\/Discours-de-Michel-Colin-Maire-de-Noisy-le-Roi-80x80.jpg 80w, https:\/\/cjnrb.fr\/cjnrb_fr\/wp-content\/uploads\/2018\/11\/Discours-de-Michel-Colin-Maire-de-Noisy-le-Roi-36x36.jpg 36w, https:\/\/cjnrb.fr\/cjnrb_fr\/wp-content\/uploads\/2018\/11\/Discours-de-Michel-Colin-Maire-de-Noisy-le-Roi-180x180.jpg 180w, https:\/\/cjnrb.fr\/cjnrb_fr\/wp-content\/uploads\/2018\/11\/Discours-de-Michel-Colin-Maire-de-Noisy-le-Roi-120x120.jpg 120w\" sizes=\"(max-width: 80px) 100vw, 80px\" \/><\/a>\n\t\t\t<\/dt>\n\t\t\t\t<dd class='wp-caption-text gallery-caption' id='gallery-1-3808'>\n\t\t\t\tDiscours de Michel Colin, Maire de Noisy le Roi\n\t\t\t\t<\/dd><\/dl><dl class='gallery-item'>\n\t\t\t<dt class='gallery-icon landscape'>\n\t\t\t\t<a href='https:\/\/cjnrb.fr\/cjnrb_fr\/wp-content\/uploads\/2018\/11\/Les-deux-Pr\u00e9sidentes-Michelle-Mueller-Pr\u00e9sidente-du-Sistership-Committe-avec-Annick-Theis-Viemont-Pr\u00e9sidente-du-CJNRB.jpg'><img width=\"80\" height=\"80\" src=\"https:\/\/cjnrb.fr\/cjnrb_fr\/wp-content\/uploads\/2018\/11\/Les-deux-Pr\u00e9sidentes-Michelle-Mueller-Pr\u00e9sidente-du-Sistership-Committe-avec-Annick-Theis-Viemont-Pr\u00e9sidente-du-CJNRB-80x80.jpg\" class=\"attachment-thumbnail size-thumbnail\" alt=\"\" loading=\"lazy\" aria-describedby=\"gallery-1-3809\" srcset=\"https:\/\/cjnrb.fr\/cjnrb_fr\/wp-content\/uploads\/2018\/11\/Les-deux-Pr\u00e9sidentes-Michelle-Mueller-Pr\u00e9sidente-du-Sistership-Committe-avec-Annick-Theis-Viemont-Pr\u00e9sidente-du-CJNRB-80x80.jpg 80w, https:\/\/cjnrb.fr\/cjnrb_fr\/wp-content\/uploads\/2018\/11\/Les-deux-Pr\u00e9sidentes-Michelle-Mueller-Pr\u00e9sidente-du-Sistership-Committe-avec-Annick-Theis-Viemont-Pr\u00e9sidente-du-CJNRB-36x36.jpg 36w, https:\/\/cjnrb.fr\/cjnrb_fr\/wp-content\/uploads\/2018\/11\/Les-deux-Pr\u00e9sidentes-Michelle-Mueller-Pr\u00e9sidente-du-Sistership-Committe-avec-Annick-Theis-Viemont-Pr\u00e9sidente-du-CJNRB-180x180.jpg 180w, https:\/\/cjnrb.fr\/cjnrb_fr\/wp-content\/uploads\/2018\/11\/Les-deux-Pr\u00e9sidentes-Michelle-Mueller-Pr\u00e9sidente-du-Sistership-Committe-avec-Annick-Theis-Viemont-Pr\u00e9sidente-du-CJNRB-120x120.jpg 120w\" sizes=\"(max-width: 80px) 100vw, 80px\" \/><\/a>\n\t\t\t<\/dt>\n\t\t\t\t<dd class='wp-caption-text gallery-caption' id='gallery-1-3809'>\n\t\t\t\tLes deux Pr\u00e9sidentes &#8211; Michelle Mueller, Pr\u00e9sidente du Sistership Committe avec Annick Theis-Viemont, Pr\u00e9sidente du CJNRB\n\t\t\t\t<\/dd><\/dl><dl class='gallery-item'>\n\t\t\t<dt class='gallery-icon landscape'>\n\t\t\t\t<a href='https:\/\/cjnrb.fr\/cjnrb_fr\/wp-content\/uploads\/2018\/11\/Les-\u00e9changes-sont-nombreux.jpg'><img width=\"80\" height=\"80\" src=\"https:\/\/cjnrb.fr\/cjnrb_fr\/wp-content\/uploads\/2018\/11\/Les-\u00e9changes-sont-nombreux-80x80.jpg\" class=\"attachment-thumbnail size-thumbnail\" alt=\"\" loading=\"lazy\" aria-describedby=\"gallery-1-3810\" srcset=\"https:\/\/cjnrb.fr\/cjnrb_fr\/wp-content\/uploads\/2018\/11\/Les-\u00e9changes-sont-nombreux-80x80.jpg 80w, https:\/\/cjnrb.fr\/cjnrb_fr\/wp-content\/uploads\/2018\/11\/Les-\u00e9changes-sont-nombreux-36x36.jpg 36w, https:\/\/cjnrb.fr\/cjnrb_fr\/wp-content\/uploads\/2018\/11\/Les-\u00e9changes-sont-nombreux-180x180.jpg 180w, https:\/\/cjnrb.fr\/cjnrb_fr\/wp-content\/uploads\/2018\/11\/Les-\u00e9changes-sont-nombreux-120x120.jpg 120w\" sizes=\"(max-width: 80px) 100vw, 80px\" \/><\/a>\n\t\t\t<\/dt>\n\t\t\t\t<dd class='wp-caption-text gallery-caption' id='gallery-1-3810'>\n\t\t\t\tLes \u00e9changes sont nombreux\n\t\t\t\t<\/dd><\/dl><dl class='gallery-item'>\n\t\t\t<dt class='gallery-icon landscape'>\n\t\t\t\t<a href='https:\/\/cjnrb.fr\/cjnrb_fr\/wp-content\/uploads\/2018\/11\/On-est-bien-assis-dans-ce-beau-jardin.jpg'><img width=\"80\" height=\"80\" src=\"https:\/\/cjnrb.fr\/cjnrb_fr\/wp-content\/uploads\/2018\/11\/On-est-bien-assis-dans-ce-beau-jardin-80x80.jpg\" class=\"attachment-thumbnail size-thumbnail\" alt=\"\" loading=\"lazy\" aria-describedby=\"gallery-1-3811\" srcset=\"https:\/\/cjnrb.fr\/cjnrb_fr\/wp-content\/uploads\/2018\/11\/On-est-bien-assis-dans-ce-beau-jardin-80x80.jpg 80w, https:\/\/cjnrb.fr\/cjnrb_fr\/wp-content\/uploads\/2018\/11\/On-est-bien-assis-dans-ce-beau-jardin-36x36.jpg 36w, https:\/\/cjnrb.fr\/cjnrb_fr\/wp-content\/uploads\/2018\/11\/On-est-bien-assis-dans-ce-beau-jardin-180x180.jpg 180w, https:\/\/cjnrb.fr\/cjnrb_fr\/wp-content\/uploads\/2018\/11\/On-est-bien-assis-dans-ce-beau-jardin-120x120.jpg 120w\" sizes=\"(max-width: 80px) 100vw, 80px\" \/><\/a>\n\t\t\t<\/dt>\n\t\t\t\t<dd class='wp-caption-text gallery-caption' id='gallery-1-3811'>\n\t\t\t\tOn est bien assis dans ce beau jardin\n\t\t\t\t<\/dd><\/dl><dl class='gallery-item'>\n\t\t\t<dt class='gallery-icon landscape'>\n\t\t\t\t<a href='https:\/\/cjnrb.fr\/cjnrb_fr\/wp-content\/uploads\/2018\/11\/Sur-le-pont-japonnais-du-jardin-de-Monet.jpg'><img width=\"80\" height=\"80\" src=\"https:\/\/cjnrb.fr\/cjnrb_fr\/wp-content\/uploads\/2018\/11\/Sur-le-pont-japonnais-du-jardin-de-Monet-80x80.jpg\" class=\"attachment-thumbnail size-thumbnail\" alt=\"\" loading=\"lazy\" aria-describedby=\"gallery-1-3812\" srcset=\"https:\/\/cjnrb.fr\/cjnrb_fr\/wp-content\/uploads\/2018\/11\/Sur-le-pont-japonnais-du-jardin-de-Monet-80x80.jpg 80w, https:\/\/cjnrb.fr\/cjnrb_fr\/wp-content\/uploads\/2018\/11\/Sur-le-pont-japonnais-du-jardin-de-Monet-36x36.jpg 36w, https:\/\/cjnrb.fr\/cjnrb_fr\/wp-content\/uploads\/2018\/11\/Sur-le-pont-japonnais-du-jardin-de-Monet-180x180.jpg 180w, https:\/\/cjnrb.fr\/cjnrb_fr\/wp-content\/uploads\/2018\/11\/Sur-le-pont-japonnais-du-jardin-de-Monet-120x120.jpg 120w\" sizes=\"(max-width: 80px) 100vw, 80px\" \/><\/a>\n\t\t\t<\/dt>\n\t\t\t\t<dd class='wp-caption-text gallery-caption' id='gallery-1-3812'>\n\t\t\t\tSur le pont japonnais du jardin de Monet\n\t\t\t\t<\/dd><\/dl><br style=\"clear: both\" \/><dl class='gallery-item'>\n\t\t\t<dt class='gallery-icon landscape'>\n\t\t\t\t<a href='https:\/\/cjnrb.fr\/cjnrb_fr\/wp-content\/uploads\/2018\/11\/Un-banc-accueillant.jpg'><img width=\"80\" height=\"80\" src=\"https:\/\/cjnrb.fr\/cjnrb_fr\/wp-content\/uploads\/2018\/11\/Un-banc-accueillant-80x80.jpg\" class=\"attachment-thumbnail size-thumbnail\" alt=\"\" loading=\"lazy\" aria-describedby=\"gallery-1-3813\" srcset=\"https:\/\/cjnrb.fr\/cjnrb_fr\/wp-content\/uploads\/2018\/11\/Un-banc-accueillant-80x80.jpg 80w, https:\/\/cjnrb.fr\/cjnrb_fr\/wp-content\/uploads\/2018\/11\/Un-banc-accueillant-36x36.jpg 36w, https:\/\/cjnrb.fr\/cjnrb_fr\/wp-content\/uploads\/2018\/11\/Un-banc-accueillant-180x180.jpg 180w, https:\/\/cjnrb.fr\/cjnrb_fr\/wp-content\/uploads\/2018\/11\/Un-banc-accueillant-120x120.jpg 120w\" sizes=\"(max-width: 80px) 100vw, 80px\" \/><\/a>\n\t\t\t<\/dt>\n\t\t\t\t<dd class='wp-caption-text gallery-caption' id='gallery-1-3813'>\n\t\t\t\tUn banc accueillant\n\t\t\t\t<\/dd><\/dl><dl class='gallery-item'>\n\t\t\t<dt class='gallery-icon landscape'>\n\t\t\t\t<a href='https:\/\/cjnrb.fr\/cjnrb_fr\/wp-content\/uploads\/2018\/11\/Un-foisonnement-de-fleurs.jpg'><img width=\"80\" height=\"80\" src=\"https:\/\/cjnrb.fr\/cjnrb_fr\/wp-content\/uploads\/2018\/11\/Un-foisonnement-de-fleurs-80x80.jpg\" class=\"attachment-thumbnail size-thumbnail\" alt=\"\" loading=\"lazy\" aria-describedby=\"gallery-1-3814\" srcset=\"https:\/\/cjnrb.fr\/cjnrb_fr\/wp-content\/uploads\/2018\/11\/Un-foisonnement-de-fleurs-80x80.jpg 80w, https:\/\/cjnrb.fr\/cjnrb_fr\/wp-content\/uploads\/2018\/11\/Un-foisonnement-de-fleurs-36x36.jpg 36w, https:\/\/cjnrb.fr\/cjnrb_fr\/wp-content\/uploads\/2018\/11\/Un-foisonnement-de-fleurs-180x180.jpg 180w, https:\/\/cjnrb.fr\/cjnrb_fr\/wp-content\/uploads\/2018\/11\/Un-foisonnement-de-fleurs-120x120.jpg 120w\" sizes=\"(max-width: 80px) 100vw, 80px\" \/><\/a>\n\t\t\t<\/dt>\n\t\t\t\t<dd class='wp-caption-text gallery-caption' id='gallery-1-3814'>\n\t\t\t\tUn foisonnement de fleurs\n\t\t\t\t<\/dd><\/dl><dl class='gallery-item'>\n\t\t\t<dt class='gallery-icon landscape'>\n\t\t\t\t<a href='https:\/\/cjnrb.fr\/cjnrb_fr\/wp-content\/uploads\/2018\/11\/Un-peu-de-repos.jpg'><img width=\"80\" height=\"80\" src=\"https:\/\/cjnrb.fr\/cjnrb_fr\/wp-content\/uploads\/2018\/11\/Un-peu-de-repos-80x80.jpg\" class=\"attachment-thumbnail size-thumbnail\" alt=\"\" loading=\"lazy\" aria-describedby=\"gallery-1-3815\" srcset=\"https:\/\/cjnrb.fr\/cjnrb_fr\/wp-content\/uploads\/2018\/11\/Un-peu-de-repos-80x80.jpg 80w, https:\/\/cjnrb.fr\/cjnrb_fr\/wp-content\/uploads\/2018\/11\/Un-peu-de-repos-36x36.jpg 36w, https:\/\/cjnrb.fr\/cjnrb_fr\/wp-content\/uploads\/2018\/11\/Un-peu-de-repos-180x180.jpg 180w, https:\/\/cjnrb.fr\/cjnrb_fr\/wp-content\/uploads\/2018\/11\/Un-peu-de-repos-120x120.jpg 120w\" sizes=\"(max-width: 80px) 100vw, 80px\" \/><\/a>\n\t\t\t<\/dt>\n\t\t\t\t<dd class='wp-caption-text gallery-caption' id='gallery-1-3815'>\n\t\t\t\tUn peu de repos\n\t\t\t\t<\/dd><\/dl>\n\t\t\t<br style='clear: both' \/>\n\t\t<\/div>\n\n","protected":false},"excerpt":{"rendered":"<p>Pour la premi\u00e8re fois depuis notre jumelage avec Albion nous avons accueilli un groupe de Seniors d\u2019Albion venus passer une dizaine de jours dans notre r\u00e9gion. Ce voyage culturel, propos\u00e9 par Michelle Mueller, Pr\u00e9sidente du Sister Committee d\u2019Albion, et pr\u00e9par\u00e9 de longue date par Didier Caels du Comit\u00e9 de Jumelage de Noisy le Roi-Bailly (CJNRB) [&hellip;]<\/p>\n","protected":false},"author":1,"featured_media":3804,"comment_status":"closed","ping_status":"open","sticky":false,"template":"","format":"standard","meta":[],"categories":[17],"tags":[],"yoast_head":"<!-- This site is optimized with the Yoast SEO plugin v18.5.1 - https:\/\/yoast.com\/wordpress\/plugins\/seo\/ -->\n<title>Seniors d&#039;Albion - Jumelage Noisy le Roi \/ Bailly<\/title>\n<meta name=\"robots\" content=\"index, follow, max-snippet:-1, max-image-preview:large, max-video-preview:-1\" \/>\n<link rel=\"canonical\" href=\"https:\/\/cjnrb.fr\/cjnrb_fr\/seniors-dalbion\/\" \/>\n<meta property=\"og:locale\" content=\"fr_FR\" \/>\n<meta property=\"og:type\" content=\"article\" \/>\n<meta property=\"og:title\" content=\"Seniors d&#039;Albion - Jumelage Noisy le Roi \/ Bailly\" \/>\n<meta property=\"og:description\" content=\"Pour la premi\u00e8re fois depuis notre jumelage avec Albion nous avons accueilli un groupe de Seniors d\u2019Albion venus passer une dizaine de jours dans notre r\u00e9gion. Ce voyage culturel, propos\u00e9 par Michelle Mueller, Pr\u00e9sidente du Sister Committee d\u2019Albion, et pr\u00e9par\u00e9 de longue date par Didier Caels du Comit\u00e9 de Jumelage de Noisy le Roi-Bailly (CJNRB) [&hellip;]\" \/>\n<meta property=\"og:url\" content=\"https:\/\/cjnrb.fr\/cjnrb_fr\/seniors-dalbion\/\" \/>\n<meta property=\"og:site_name\" content=\"Jumelage Noisy le Roi \/ Bailly\" \/>\n<meta property=\"article:published_time\" content=\"2009-05-02T13:16:16+00:00\" \/>\n<meta property=\"article:modified_time\" content=\"2018-11-02T16:14:15+00:00\" \/>\n<meta property=\"og:image\" content=\"https:\/\/cjnrb.fr\/cjnrb_fr\/wp-content\/uploads\/2018\/11\/Aux-Vaux-de-Cernay.jpg\" \/>\n\t<meta property=\"og:image:width\" content=\"375\" \/>\n\t<meta property=\"og:image:height\" content=\"250\" \/>\n\t<meta property=\"og:image:type\" content=\"image\/jpeg\" \/>\n<meta name=\"twitter:card\" content=\"summary_large_image\" \/>\n<meta name=\"twitter:label1\" content=\"\u00c9crit par\" \/>\n\t<meta name=\"twitter:data1\" content=\"francois\" \/>\n\t<meta name=\"twitter:label2\" content=\"Dur\u00e9e de lecture estim\u00e9e\" \/>\n\t<meta name=\"twitter:data2\" content=\"4 minutes\" \/>\n<script type=\"application\/ld+json\" class=\"yoast-schema-graph\">{\"@context\":\"https:\/\/schema.org\",\"@graph\":[{\"@type\":\"WebSite\",\"@id\":\"https:\/\/cjnrb.fr\/cjnrb_fr\/#website\",\"url\":\"https:\/\/cjnrb.fr\/cjnrb_fr\/\",\"name\":\"Jumelage Noisy le Roi \/ Bailly\",\"description\":\"\u00e9changes dans les domaines scolaires, culturels, sportifs, \u00e9conomiques et environnementaux avec les villes d\u2019Albion (USA) et Godella (Espagne) \",\"potentialAction\":[{\"@type\":\"SearchAction\",\"target\":{\"@type\":\"EntryPoint\",\"urlTemplate\":\"https:\/\/cjnrb.fr\/cjnrb_fr\/?s={search_term_string}\"},\"query-input\":\"required name=search_term_string\"}],\"inLanguage\":\"fr-FR\"},{\"@type\":\"ImageObject\",\"@id\":\"https:\/\/cjnrb.fr\/cjnrb_fr\/seniors-dalbion\/#primaryimage\",\"inLanguage\":\"fr-FR\",\"url\":\"https:\/\/cjnrb.fr\/cjnrb_fr\/wp-content\/uploads\/2018\/11\/Aux-Vaux-de-Cernay.jpg\",\"contentUrl\":\"https:\/\/cjnrb.fr\/cjnrb_fr\/wp-content\/uploads\/2018\/11\/Aux-Vaux-de-Cernay.jpg\",\"width\":375,\"height\":250,\"caption\":\"Aux Vaux de Cernay\"},{\"@type\":\"WebPage\",\"@id\":\"https:\/\/cjnrb.fr\/cjnrb_fr\/seniors-dalbion\/#webpage\",\"url\":\"https:\/\/cjnrb.fr\/cjnrb_fr\/seniors-dalbion\/\",\"name\":\"Seniors d'Albion - Jumelage Noisy le Roi \/ Bailly\",\"isPartOf\":{\"@id\":\"https:\/\/cjnrb.fr\/cjnrb_fr\/#website\"},\"primaryImageOfPage\":{\"@id\":\"https:\/\/cjnrb.fr\/cjnrb_fr\/seniors-dalbion\/#primaryimage\"},\"datePublished\":\"2009-05-02T13:16:16+00:00\",\"dateModified\":\"2018-11-02T16:14:15+00:00\",\"author\":{\"@id\":\"https:\/\/cjnrb.fr\/cjnrb_fr\/#\/schema\/person\/1d7e5959ede7cd403648c23fbf7a224c\"},\"breadcrumb\":{\"@id\":\"https:\/\/cjnrb.fr\/cjnrb_fr\/seniors-dalbion\/#breadcrumb\"},\"inLanguage\":\"fr-FR\",\"potentialAction\":[{\"@type\":\"ReadAction\",\"target\":[\"https:\/\/cjnrb.fr\/cjnrb_fr\/seniors-dalbion\/\"]}]},{\"@type\":\"BreadcrumbList\",\"@id\":\"https:\/\/cjnrb.fr\/cjnrb_fr\/seniors-dalbion\/#breadcrumb\",\"itemListElement\":[{\"@type\":\"ListItem\",\"position\":1,\"name\":\"Accueil\",\"item\":\"https:\/\/cjnrb.fr\/cjnrb_fr\/\"},{\"@type\":\"ListItem\",\"position\":2,\"name\":\"Seniors d&rsquo;Albion\"}]},{\"@type\":\"Person\",\"@id\":\"https:\/\/cjnrb.fr\/cjnrb_fr\/#\/schema\/person\/1d7e5959ede7cd403648c23fbf7a224c\",\"name\":\"francois\",\"image\":{\"@type\":\"ImageObject\",\"@id\":\"https:\/\/cjnrb.fr\/cjnrb_fr\/#personlogo\",\"inLanguage\":\"fr-FR\",\"url\":\"https:\/\/secure.gravatar.com\/avatar\/89e31bd17b28c77cebe20b6999903d3a?s=96&d=mm&r=g\",\"contentUrl\":\"https:\/\/secure.gravatar.com\/avatar\/89e31bd17b28c77cebe20b6999903d3a?s=96&d=mm&r=g\",\"caption\":\"francois\"},\"url\":\"https:\/\/cjnrb.fr\/cjnrb_fr\/author\/francois\/\"}]}<\/script>\n<!-- \/ Yoast SEO plugin. -->","yoast_head_json":{"title":"Seniors d'Albion - Jumelage Noisy le Roi \/ Bailly","robots":{"index":"index","follow":"follow","max-snippet":"max-snippet:-1","max-image-preview":"max-image-preview:large","max-video-preview":"max-video-preview:-1"},"canonical":"https:\/\/cjnrb.fr\/cjnrb_fr\/seniors-dalbion\/","og_locale":"fr_FR","og_type":"article","og_title":"Seniors d'Albion - Jumelage Noisy le Roi \/ Bailly","og_description":"Pour la premi\u00e8re fois depuis notre jumelage avec Albion nous avons accueilli un groupe de Seniors d\u2019Albion venus passer une dizaine de jours dans notre r\u00e9gion. Ce voyage culturel, propos\u00e9 par Michelle Mueller, Pr\u00e9sidente du Sister Committee d\u2019Albion, et pr\u00e9par\u00e9 de longue date par Didier Caels du Comit\u00e9 de Jumelage de Noisy le Roi-Bailly (CJNRB) [&hellip;]","og_url":"https:\/\/cjnrb.fr\/cjnrb_fr\/seniors-dalbion\/","og_site_name":"Jumelage Noisy le Roi \/ Bailly","article_published_time":"2009-05-02T13:16:16+00:00","article_modified_time":"2018-11-02T16:14:15+00:00","og_image":[{"width":375,"height":250,"url":"https:\/\/cjnrb.fr\/cjnrb_fr\/wp-content\/uploads\/2018\/11\/Aux-Vaux-de-Cernay.jpg","type":"image\/jpeg"}],"twitter_card":"summary_large_image","twitter_misc":{"\u00c9crit par":"francois","Dur\u00e9e de lecture estim\u00e9e":"4 minutes"},"schema":{"@context":"https:\/\/schema.org","@graph":[{"@type":"WebSite","@id":"https:\/\/cjnrb.fr\/cjnrb_fr\/#website","url":"https:\/\/cjnrb.fr\/cjnrb_fr\/","name":"Jumelage Noisy le Roi \/ Bailly","description":"\u00e9changes dans les domaines scolaires, culturels, sportifs, \u00e9conomiques et environnementaux avec les villes d\u2019Albion (USA) et Godella (Espagne) ","potentialAction":[{"@type":"SearchAction","target":{"@type":"EntryPoint","urlTemplate":"https:\/\/cjnrb.fr\/cjnrb_fr\/?s={search_term_string}"},"query-input":"required name=search_term_string"}],"inLanguage":"fr-FR"},{"@type":"ImageObject","@id":"https:\/\/cjnrb.fr\/cjnrb_fr\/seniors-dalbion\/#primaryimage","inLanguage":"fr-FR","url":"https:\/\/cjnrb.fr\/cjnrb_fr\/wp-content\/uploads\/2018\/11\/Aux-Vaux-de-Cernay.jpg","contentUrl":"https:\/\/cjnrb.fr\/cjnrb_fr\/wp-content\/uploads\/2018\/11\/Aux-Vaux-de-Cernay.jpg","width":375,"height":250,"caption":"Aux Vaux de Cernay"},{"@type":"WebPage","@id":"https:\/\/cjnrb.fr\/cjnrb_fr\/seniors-dalbion\/#webpage","url":"https:\/\/cjnrb.fr\/cjnrb_fr\/seniors-dalbion\/","name":"Seniors d'Albion - Jumelage Noisy le Roi \/ Bailly","isPartOf":{"@id":"https:\/\/cjnrb.fr\/cjnrb_fr\/#website"},"primaryImageOfPage":{"@id":"https:\/\/cjnrb.fr\/cjnrb_fr\/seniors-dalbion\/#primaryimage"},"datePublished":"2009-05-02T13:16:16+00:00","dateModified":"2018-11-02T16:14:15+00:00","author":{"@id":"https:\/\/cjnrb.fr\/cjnrb_fr\/#\/schema\/person\/1d7e5959ede7cd403648c23fbf7a224c"},"breadcrumb":{"@id":"https:\/\/cjnrb.fr\/cjnrb_fr\/seniors-dalbion\/#breadcrumb"},"inLanguage":"fr-FR","potentialAction":[{"@type":"ReadAction","target":["https:\/\/cjnrb.fr\/cjnrb_fr\/seniors-dalbion\/"]}]},{"@type":"BreadcrumbList","@id":"https:\/\/cjnrb.fr\/cjnrb_fr\/seniors-dalbion\/#breadcrumb","itemListElement":[{"@type":"ListItem","position":1,"name":"Accueil","item":"https:\/\/cjnrb.fr\/cjnrb_fr\/"},{"@type":"ListItem","position":2,"name":"Seniors d&rsquo;Albion"}]},{"@type":"Person","@id":"https:\/\/cjnrb.fr\/cjnrb_fr\/#\/schema\/person\/1d7e5959ede7cd403648c23fbf7a224c","name":"francois","image":{"@type":"ImageObject","@id":"https:\/\/cjnrb.fr\/cjnrb_fr\/#personlogo","inLanguage":"fr-FR","url":"https:\/\/secure.gravatar.com\/avatar\/89e31bd17b28c77cebe20b6999903d3a?s=96&d=mm&r=g","contentUrl":"https:\/\/secure.gravatar.com\/avatar\/89e31bd17b28c77cebe20b6999903d3a?s=96&d=mm&r=g","caption":"francois"},"url":"https:\/\/cjnrb.fr\/cjnrb_fr\/author\/francois\/"}]}},"_links":{"self":[{"href":"https:\/\/cjnrb.fr\/cjnrb_fr\/wp-json\/wp\/v2\/posts\/3797"}],"collection":[{"href":"https:\/\/cjnrb.fr\/cjnrb_fr\/wp-json\/wp\/v2\/posts"}],"about":[{"href":"https:\/\/cjnrb.fr\/cjnrb_fr\/wp-json\/wp\/v2\/types\/post"}],"author":[{"embeddable":true,"href":"https:\/\/cjnrb.fr\/cjnrb_fr\/wp-json\/wp\/v2\/users\/1"}],"replies":[{"embeddable":true,"href":"https:\/\/cjnrb.fr\/cjnrb_fr\/wp-json\/wp\/v2\/comments?post=3797"}],"version-history":[{"count":3,"href":"https:\/\/cjnrb.fr\/cjnrb_fr\/wp-json\/wp\/v2\/posts\/3797\/revisions"}],"predecessor-version":[{"id":3817,"href":"https:\/\/cjnrb.fr\/cjnrb_fr\/wp-json\/wp\/v2\/posts\/3797\/revisions\/3817"}],"wp:featuredmedia":[{"embeddable":true,"href":"https:\/\/cjnrb.fr\/cjnrb_fr\/wp-json\/wp\/v2\/media\/3804"}],"wp:attachment":[{"href":"https:\/\/cjnrb.fr\/cjnrb_fr\/wp-json\/wp\/v2\/media?parent=3797"}],"wp:term":[{"taxonomy":"category","embeddable":true,"href":"https:\/\/cjnrb.fr\/cjnrb_fr\/wp-json\/wp\/v2\/categories?post=3797"},{"taxonomy":"post_tag","embeddable":true,"href":"https:\/\/cjnrb.fr\/cjnrb_fr\/wp-json\/wp\/v2\/tags?post=3797"}],"curies":[{"name":"wp","href":"https:\/\/api.w.org\/{rel}","templated":true}]}}