{"id":3720,"date":"2016-12-02T14:41:10","date_gmt":"2016-12-02T13:41:10","guid":{"rendered":"http:\/\/cjnrb.fr\/cjnrb_fr\/?p=3720"},"modified":"2018-11-02T14:44:58","modified_gmt":"2018-11-02T13:44:58","slug":"12-jeunes-etudiants-dalbion-college","status":"publish","type":"post","link":"https:\/\/cjnrb.fr\/cjnrb_fr\/12-jeunes-etudiants-dalbion-college\/","title":{"rendered":"12 jeunes \u00e9tudiants d&rsquo;Albion College"},"content":{"rendered":"<blockquote><p><strong>Cette ann\u00e9e encore nous avons eu le plaisir d&rsquo;accueillir, du 10 au 17 d\u00e9cembre, 12 jeunes \u00e9tudiants d&rsquo;Albion College accompagn\u00e9s par leurs professeurs, Dianne Guenin-Lelle et Emmanuel Yewah.<\/strong><br \/>\n<strong>C&rsquo;est pour ces \u00e9tudiants, \u00e9l\u00e8ves en 1er ann\u00e9e de Fran\u00e7ais, l&rsquo;occasion de d\u00e9couvrir le pays dont ils ont d\u00e9cid\u00e9 d&rsquo;\u00e9tudier la langue, de s&rsquo;impr\u00e9gnier du mode de vie \u00e0 la fran\u00e7aise et de voir les plus beaux monuments de notre r\u00e9gion.<\/strong><\/p><\/blockquote>\n<p>Ils ont pu, en effet, visiter Paris en bus, Montmartre, le mus\u00e9e d&rsquo;Orsay, se sont rendus au ch\u00e2teau de Versailles, mont\u00e9s sur la Tour Eiffel et faire un tour en bateau sur la Seine.<br \/>\nPendant leur s\u00e9jour ils ont \u00e9t\u00e9 accueillis \u00e0 la Mairie de Noisy le Roi ainsi qu&rsquo;\u00e0 celle de Bailly. Ils ont pu \u00e9galement visiter une \u00e9cole maternelle \u00e0 Noisy le Roi.<br \/>\nUn d\u00eener r\u00e9unissant les familles d&rsquo;accueil et les \u00e9tudiants a compl\u00e9t\u00e9 cette semaine riche en rencontres, d\u00e9couvertes et souvenirs.<\/p>\n\n\t\t<style type=\"text\/css\">\n\t\t\t#gallery-1 {\n\t\t\t\tmargin: auto;\n\t\t\t}\n\t\t\t#gallery-1 .gallery-item {\n\t\t\t\tfloat: left;\n\t\t\t\tmargin-top: 10px;\n\t\t\t\ttext-align: center;\n\t\t\t\twidth: 12%;\n\t\t\t}\n\t\t\t#gallery-1 img {\n\t\t\t\tborder: 2px solid #cfcfcf;\n\t\t\t}\n\t\t\t#gallery-1 .gallery-caption {\n\t\t\t\tmargin-left: 0;\n\t\t\t}\n\t\t\t\/* see gallery_shortcode() in wp-includes\/media.php *\/\n\t\t<\/style>\n\t\t<div id='gallery-1' class='gallery galleryid-3720 gallery-columns-8 gallery-size-thumbnail'><dl class='gallery-item'>\n\t\t\t<dt class='gallery-icon portrait'>\n\t\t\t\t<a href='https:\/\/cjnrb.fr\/cjnrb_fr\/wp-content\/uploads\/2018\/11\/IMG_0714.jpg'><img width=\"80\" height=\"80\" src=\"https:\/\/cjnrb.fr\/cjnrb_fr\/wp-content\/uploads\/2018\/11\/IMG_0714-80x80.jpg\" class=\"attachment-thumbnail size-thumbnail\" alt=\"\" loading=\"lazy\" srcset=\"https:\/\/cjnrb.fr\/cjnrb_fr\/wp-content\/uploads\/2018\/11\/IMG_0714-80x80.jpg 80w, https:\/\/cjnrb.fr\/cjnrb_fr\/wp-content\/uploads\/2018\/11\/IMG_0714-36x36.jpg 36w, https:\/\/cjnrb.fr\/cjnrb_fr\/wp-content\/uploads\/2018\/11\/IMG_0714-180x180.jpg 180w, https:\/\/cjnrb.fr\/cjnrb_fr\/wp-content\/uploads\/2018\/11\/IMG_0714-400x400.jpg 400w, https:\/\/cjnrb.fr\/cjnrb_fr\/wp-content\/uploads\/2018\/11\/IMG_0714-120x120.jpg 120w\" sizes=\"(max-width: 80px) 100vw, 80px\" \/><\/a>\n\t\t\t<\/dt><\/dl><dl class='gallery-item'>\n\t\t\t<dt class='gallery-icon portrait'>\n\t\t\t\t<a href='https:\/\/cjnrb.fr\/cjnrb_fr\/wp-content\/uploads\/2018\/11\/IMG_0709.jpg'><img width=\"80\" height=\"80\" src=\"https:\/\/cjnrb.fr\/cjnrb_fr\/wp-content\/uploads\/2018\/11\/IMG_0709-80x80.jpg\" class=\"attachment-thumbnail size-thumbnail\" alt=\"\" loading=\"lazy\" srcset=\"https:\/\/cjnrb.fr\/cjnrb_fr\/wp-content\/uploads\/2018\/11\/IMG_0709-80x80.jpg 80w, https:\/\/cjnrb.fr\/cjnrb_fr\/wp-content\/uploads\/2018\/11\/IMG_0709-36x36.jpg 36w, https:\/\/cjnrb.fr\/cjnrb_fr\/wp-content\/uploads\/2018\/11\/IMG_0709-180x180.jpg 180w, https:\/\/cjnrb.fr\/cjnrb_fr\/wp-content\/uploads\/2018\/11\/IMG_0709-400x400.jpg 400w, https:\/\/cjnrb.fr\/cjnrb_fr\/wp-content\/uploads\/2018\/11\/IMG_0709-120x120.jpg 120w\" sizes=\"(max-width: 80px) 100vw, 80px\" \/><\/a>\n\t\t\t<\/dt><\/dl><dl class='gallery-item'>\n\t\t\t<dt class='gallery-icon landscape'>\n\t\t\t\t<a href='https:\/\/cjnrb.fr\/cjnrb_fr\/wp-content\/uploads\/2018\/11\/IMG_0701.jpg'><img width=\"80\" height=\"80\" src=\"https:\/\/cjnrb.fr\/cjnrb_fr\/wp-content\/uploads\/2018\/11\/IMG_0701-80x80.jpg\" class=\"attachment-thumbnail size-thumbnail\" alt=\"\" loading=\"lazy\" srcset=\"https:\/\/cjnrb.fr\/cjnrb_fr\/wp-content\/uploads\/2018\/11\/IMG_0701-80x80.jpg 80w, https:\/\/cjnrb.fr\/cjnrb_fr\/wp-content\/uploads\/2018\/11\/IMG_0701-36x36.jpg 36w, https:\/\/cjnrb.fr\/cjnrb_fr\/wp-content\/uploads\/2018\/11\/IMG_0701-180x180.jpg 180w, https:\/\/cjnrb.fr\/cjnrb_fr\/wp-content\/uploads\/2018\/11\/IMG_0701-120x120.jpg 120w\" sizes=\"(max-width: 80px) 100vw, 80px\" \/><\/a>\n\t\t\t<\/dt><\/dl>\n\t\t\t<br style='clear: both' \/>\n\t\t<\/div>\n\n","protected":false},"excerpt":{"rendered":"<p>Cette ann\u00e9e encore nous avons eu le plaisir d&rsquo;accueillir, du 10 au 17 d\u00e9cembre, 12 jeunes \u00e9tudiants d&rsquo;Albion College accompagn\u00e9s par leurs professeurs, Dianne Guenin-Lelle et Emmanuel Yewah. C&rsquo;est pour ces \u00e9tudiants, \u00e9l\u00e8ves en 1er ann\u00e9e de Fran\u00e7ais, l&rsquo;occasion de d\u00e9couvrir le pays dont ils ont d\u00e9cid\u00e9 d&rsquo;\u00e9tudier la langue, de s&rsquo;impr\u00e9gnier du mode de [&hellip;]<\/p>\n","protected":false},"author":1,"featured_media":3646,"comment_status":"closed","ping_status":"open","sticky":false,"template":"","format":"standard","meta":[],"categories":[17],"tags":[],"yoast_head":"<!-- This site is optimized with the Yoast SEO plugin v18.5.1 - https:\/\/yoast.com\/wordpress\/plugins\/seo\/ -->\n<title>12 jeunes \u00e9tudiants d&#039;Albion College - Jumelage Noisy le Roi \/ Bailly<\/title>\n<meta name=\"robots\" content=\"index, follow, max-snippet:-1, max-image-preview:large, max-video-preview:-1\" \/>\n<link rel=\"canonical\" href=\"https:\/\/cjnrb.fr\/cjnrb_fr\/12-jeunes-etudiants-dalbion-college\/\" \/>\n<meta property=\"og:locale\" content=\"fr_FR\" \/>\n<meta property=\"og:type\" content=\"article\" \/>\n<meta property=\"og:title\" content=\"12 jeunes \u00e9tudiants d&#039;Albion College - Jumelage Noisy le Roi \/ Bailly\" \/>\n<meta property=\"og:description\" content=\"Cette ann\u00e9e encore nous avons eu le plaisir d&rsquo;accueillir, du 10 au 17 d\u00e9cembre, 12 jeunes \u00e9tudiants d&rsquo;Albion College accompagn\u00e9s par leurs professeurs, Dianne Guenin-Lelle et Emmanuel Yewah. C&rsquo;est pour ces \u00e9tudiants, \u00e9l\u00e8ves en 1er ann\u00e9e de Fran\u00e7ais, l&rsquo;occasion de d\u00e9couvrir le pays dont ils ont d\u00e9cid\u00e9 d&rsquo;\u00e9tudier la langue, de s&rsquo;impr\u00e9gnier du mode de [&hellip;]\" \/>\n<meta property=\"og:url\" content=\"https:\/\/cjnrb.fr\/cjnrb_fr\/12-jeunes-etudiants-dalbion-college\/\" \/>\n<meta property=\"og:site_name\" content=\"Jumelage Noisy le Roi \/ Bailly\" \/>\n<meta property=\"article:published_time\" content=\"2016-12-02T13:41:10+00:00\" \/>\n<meta property=\"article:modified_time\" content=\"2018-11-02T13:44:58+00:00\" \/>\n<meta property=\"og:image\" content=\"https:\/\/cjnrb.fr\/cjnrb_fr\/wp-content\/uploads\/2018\/11\/IMG_0714.jpg\" \/>\n\t<meta property=\"og:image:width\" content=\"400\" \/>\n\t<meta property=\"og:image:height\" content=\"533\" \/>\n\t<meta property=\"og:image:type\" content=\"image\/jpeg\" \/>\n<meta name=\"twitter:card\" content=\"summary_large_image\" \/>\n<meta name=\"twitter:label1\" content=\"\u00c9crit par\" \/>\n\t<meta name=\"twitter:data1\" content=\"francois\" \/>\n\t<meta name=\"twitter:label2\" content=\"Dur\u00e9e de lecture estim\u00e9e\" \/>\n\t<meta name=\"twitter:data2\" content=\"1 minute\" \/>\n<script type=\"application\/ld+json\" class=\"yoast-schema-graph\">{\"@context\":\"https:\/\/schema.org\",\"@graph\":[{\"@type\":\"WebSite\",\"@id\":\"https:\/\/cjnrb.fr\/cjnrb_fr\/#website\",\"url\":\"https:\/\/cjnrb.fr\/cjnrb_fr\/\",\"name\":\"Jumelage Noisy le Roi \/ Bailly\",\"description\":\"\u00e9changes dans les domaines scolaires, culturels, sportifs, \u00e9conomiques et environnementaux avec les villes d\u2019Albion (USA) et Godella (Espagne) \",\"potentialAction\":[{\"@type\":\"SearchAction\",\"target\":{\"@type\":\"EntryPoint\",\"urlTemplate\":\"https:\/\/cjnrb.fr\/cjnrb_fr\/?s={search_term_string}\"},\"query-input\":\"required name=search_term_string\"}],\"inLanguage\":\"fr-FR\"},{\"@type\":\"ImageObject\",\"@id\":\"https:\/\/cjnrb.fr\/cjnrb_fr\/12-jeunes-etudiants-dalbion-college\/#primaryimage\",\"inLanguage\":\"fr-FR\",\"url\":\"https:\/\/cjnrb.fr\/cjnrb_fr\/wp-content\/uploads\/2018\/11\/IMG_0714.jpg\",\"contentUrl\":\"https:\/\/cjnrb.fr\/cjnrb_fr\/wp-content\/uploads\/2018\/11\/IMG_0714.jpg\",\"width\":400,\"height\":533},{\"@type\":\"WebPage\",\"@id\":\"https:\/\/cjnrb.fr\/cjnrb_fr\/12-jeunes-etudiants-dalbion-college\/#webpage\",\"url\":\"https:\/\/cjnrb.fr\/cjnrb_fr\/12-jeunes-etudiants-dalbion-college\/\",\"name\":\"12 jeunes \u00e9tudiants d'Albion College - Jumelage Noisy le Roi \/ Bailly\",\"isPartOf\":{\"@id\":\"https:\/\/cjnrb.fr\/cjnrb_fr\/#website\"},\"primaryImageOfPage\":{\"@id\":\"https:\/\/cjnrb.fr\/cjnrb_fr\/12-jeunes-etudiants-dalbion-college\/#primaryimage\"},\"datePublished\":\"2016-12-02T13:41:10+00:00\",\"dateModified\":\"2018-11-02T13:44:58+00:00\",\"author\":{\"@id\":\"https:\/\/cjnrb.fr\/cjnrb_fr\/#\/schema\/person\/1d7e5959ede7cd403648c23fbf7a224c\"},\"breadcrumb\":{\"@id\":\"https:\/\/cjnrb.fr\/cjnrb_fr\/12-jeunes-etudiants-dalbion-college\/#breadcrumb\"},\"inLanguage\":\"fr-FR\",\"potentialAction\":[{\"@type\":\"ReadAction\",\"target\":[\"https:\/\/cjnrb.fr\/cjnrb_fr\/12-jeunes-etudiants-dalbion-college\/\"]}]},{\"@type\":\"BreadcrumbList\",\"@id\":\"https:\/\/cjnrb.fr\/cjnrb_fr\/12-jeunes-etudiants-dalbion-college\/#breadcrumb\",\"itemListElement\":[{\"@type\":\"ListItem\",\"position\":1,\"name\":\"Accueil\",\"item\":\"https:\/\/cjnrb.fr\/cjnrb_fr\/\"},{\"@type\":\"ListItem\",\"position\":2,\"name\":\"12 jeunes \u00e9tudiants d&rsquo;Albion College\"}]},{\"@type\":\"Person\",\"@id\":\"https:\/\/cjnrb.fr\/cjnrb_fr\/#\/schema\/person\/1d7e5959ede7cd403648c23fbf7a224c\",\"name\":\"francois\",\"image\":{\"@type\":\"ImageObject\",\"@id\":\"https:\/\/cjnrb.fr\/cjnrb_fr\/#personlogo\",\"inLanguage\":\"fr-FR\",\"url\":\"https:\/\/secure.gravatar.com\/avatar\/89e31bd17b28c77cebe20b6999903d3a?s=96&d=mm&r=g\",\"contentUrl\":\"https:\/\/secure.gravatar.com\/avatar\/89e31bd17b28c77cebe20b6999903d3a?s=96&d=mm&r=g\",\"caption\":\"francois\"},\"url\":\"https:\/\/cjnrb.fr\/cjnrb_fr\/author\/francois\/\"}]}<\/script>\n<!-- \/ Yoast SEO plugin. -->","yoast_head_json":{"title":"12 jeunes \u00e9tudiants d'Albion College - Jumelage Noisy le Roi \/ Bailly","robots":{"index":"index","follow":"follow","max-snippet":"max-snippet:-1","max-image-preview":"max-image-preview:large","max-video-preview":"max-video-preview:-1"},"canonical":"https:\/\/cjnrb.fr\/cjnrb_fr\/12-jeunes-etudiants-dalbion-college\/","og_locale":"fr_FR","og_type":"article","og_title":"12 jeunes \u00e9tudiants d'Albion College - Jumelage Noisy le Roi \/ Bailly","og_description":"Cette ann\u00e9e encore nous avons eu le plaisir d&rsquo;accueillir, du 10 au 17 d\u00e9cembre, 12 jeunes \u00e9tudiants d&rsquo;Albion College accompagn\u00e9s par leurs professeurs, Dianne Guenin-Lelle et Emmanuel Yewah. C&rsquo;est pour ces \u00e9tudiants, \u00e9l\u00e8ves en 1er ann\u00e9e de Fran\u00e7ais, l&rsquo;occasion de d\u00e9couvrir le pays dont ils ont d\u00e9cid\u00e9 d&rsquo;\u00e9tudier la langue, de s&rsquo;impr\u00e9gnier du mode de [&hellip;]","og_url":"https:\/\/cjnrb.fr\/cjnrb_fr\/12-jeunes-etudiants-dalbion-college\/","og_site_name":"Jumelage Noisy le Roi \/ Bailly","article_published_time":"2016-12-02T13:41:10+00:00","article_modified_time":"2018-11-02T13:44:58+00:00","og_image":[{"width":400,"height":533,"url":"https:\/\/cjnrb.fr\/cjnrb_fr\/wp-content\/uploads\/2018\/11\/IMG_0714.jpg","type":"image\/jpeg"}],"twitter_card":"summary_large_image","twitter_misc":{"\u00c9crit par":"francois","Dur\u00e9e de lecture estim\u00e9e":"1 minute"},"schema":{"@context":"https:\/\/schema.org","@graph":[{"@type":"WebSite","@id":"https:\/\/cjnrb.fr\/cjnrb_fr\/#website","url":"https:\/\/cjnrb.fr\/cjnrb_fr\/","name":"Jumelage Noisy le Roi \/ Bailly","description":"\u00e9changes dans les domaines scolaires, culturels, sportifs, \u00e9conomiques et environnementaux avec les villes d\u2019Albion (USA) et Godella (Espagne) ","potentialAction":[{"@type":"SearchAction","target":{"@type":"EntryPoint","urlTemplate":"https:\/\/cjnrb.fr\/cjnrb_fr\/?s={search_term_string}"},"query-input":"required name=search_term_string"}],"inLanguage":"fr-FR"},{"@type":"ImageObject","@id":"https:\/\/cjnrb.fr\/cjnrb_fr\/12-jeunes-etudiants-dalbion-college\/#primaryimage","inLanguage":"fr-FR","url":"https:\/\/cjnrb.fr\/cjnrb_fr\/wp-content\/uploads\/2018\/11\/IMG_0714.jpg","contentUrl":"https:\/\/cjnrb.fr\/cjnrb_fr\/wp-content\/uploads\/2018\/11\/IMG_0714.jpg","width":400,"height":533},{"@type":"WebPage","@id":"https:\/\/cjnrb.fr\/cjnrb_fr\/12-jeunes-etudiants-dalbion-college\/#webpage","url":"https:\/\/cjnrb.fr\/cjnrb_fr\/12-jeunes-etudiants-dalbion-college\/","name":"12 jeunes \u00e9tudiants d'Albion College - Jumelage Noisy le Roi \/ Bailly","isPartOf":{"@id":"https:\/\/cjnrb.fr\/cjnrb_fr\/#website"},"primaryImageOfPage":{"@id":"https:\/\/cjnrb.fr\/cjnrb_fr\/12-jeunes-etudiants-dalbion-college\/#primaryimage"},"datePublished":"2016-12-02T13:41:10+00:00","dateModified":"2018-11-02T13:44:58+00:00","author":{"@id":"https:\/\/cjnrb.fr\/cjnrb_fr\/#\/schema\/person\/1d7e5959ede7cd403648c23fbf7a224c"},"breadcrumb":{"@id":"https:\/\/cjnrb.fr\/cjnrb_fr\/12-jeunes-etudiants-dalbion-college\/#breadcrumb"},"inLanguage":"fr-FR","potentialAction":[{"@type":"ReadAction","target":["https:\/\/cjnrb.fr\/cjnrb_fr\/12-jeunes-etudiants-dalbion-college\/"]}]},{"@type":"BreadcrumbList","@id":"https:\/\/cjnrb.fr\/cjnrb_fr\/12-jeunes-etudiants-dalbion-college\/#breadcrumb","itemListElement":[{"@type":"ListItem","position":1,"name":"Accueil","item":"https:\/\/cjnrb.fr\/cjnrb_fr\/"},{"@type":"ListItem","position":2,"name":"12 jeunes \u00e9tudiants d&rsquo;Albion College"}]},{"@type":"Person","@id":"https:\/\/cjnrb.fr\/cjnrb_fr\/#\/schema\/person\/1d7e5959ede7cd403648c23fbf7a224c","name":"francois","image":{"@type":"ImageObject","@id":"https:\/\/cjnrb.fr\/cjnrb_fr\/#personlogo","inLanguage":"fr-FR","url":"https:\/\/secure.gravatar.com\/avatar\/89e31bd17b28c77cebe20b6999903d3a?s=96&d=mm&r=g","contentUrl":"https:\/\/secure.gravatar.com\/avatar\/89e31bd17b28c77cebe20b6999903d3a?s=96&d=mm&r=g","caption":"francois"},"url":"https:\/\/cjnrb.fr\/cjnrb_fr\/author\/francois\/"}]}},"_links":{"self":[{"href":"https:\/\/cjnrb.fr\/cjnrb_fr\/wp-json\/wp\/v2\/posts\/3720"}],"collection":[{"href":"https:\/\/cjnrb.fr\/cjnrb_fr\/wp-json\/wp\/v2\/posts"}],"about":[{"href":"https:\/\/cjnrb.fr\/cjnrb_fr\/wp-json\/wp\/v2\/types\/post"}],"author":[{"embeddable":true,"href":"https:\/\/cjnrb.fr\/cjnrb_fr\/wp-json\/wp\/v2\/users\/1"}],"replies":[{"embeddable":true,"href":"https:\/\/cjnrb.fr\/cjnrb_fr\/wp-json\/wp\/v2\/comments?post=3720"}],"version-history":[{"count":2,"href":"https:\/\/cjnrb.fr\/cjnrb_fr\/wp-json\/wp\/v2\/posts\/3720\/revisions"}],"predecessor-version":[{"id":3722,"href":"https:\/\/cjnrb.fr\/cjnrb_fr\/wp-json\/wp\/v2\/posts\/3720\/revisions\/3722"}],"wp:featuredmedia":[{"embeddable":true,"href":"https:\/\/cjnrb.fr\/cjnrb_fr\/wp-json\/wp\/v2\/media\/3646"}],"wp:attachment":[{"href":"https:\/\/cjnrb.fr\/cjnrb_fr\/wp-json\/wp\/v2\/media?parent=3720"}],"wp:term":[{"taxonomy":"category","embeddable":true,"href":"https:\/\/cjnrb.fr\/cjnrb_fr\/wp-json\/wp\/v2\/categories?post=3720"},{"taxonomy":"post_tag","embeddable":true,"href":"https:\/\/cjnrb.fr\/cjnrb_fr\/wp-json\/wp\/v2\/tags?post=3720"}],"curies":[{"name":"wp","href":"https:\/\/api.w.org\/{rel}","templated":true}]}}