{"id":3713,"date":"2016-06-16T14:27:31","date_gmt":"2016-06-16T12:27:31","guid":{"rendered":"http:\/\/cjnrb.fr\/cjnrb_fr\/?p=3713"},"modified":"2018-11-22T19:06:31","modified_gmt":"2018-11-22T18:06:31","slug":"a-taste-of-france-un-gout-de-la-france","status":"publish","type":"post","link":"https:\/\/cjnrb.fr\/cjnrb_fr\/a-taste-of-france-un-gout-de-la-france\/","title":{"rendered":"A Taste of France &#8211; Un go\u00fbt de la France"},"content":{"rendered":"<blockquote>\n<p class=\"texte\" align=\"left\"><strong>La venue de Seniors d&rsquo;Albion \u00e0 Noisy le Roi-Bailly est devenue r\u00e9guli\u00e8re. En effet, tous les 2 ans, sous l&rsquo;impulsion de Mary Slater, co pr\u00e9sidente du comit\u00e9 de jumelage d&rsquo;Albion, nous avons le plaisir d&rsquo;accueillir nos amis Am\u00e9ricains pour une visite de notre pays.<\/strong><\/p>\n<\/blockquote>\n<p class=\"texte\" align=\"left\">Cette ann\u00e9e ils \u00e9taient 14 \u00e0 venir chez nous avec comme objectif de se rendre sur des lieux repr\u00e9sentant, \u00e0 leurs yeux, la France.<\/p>\n<p class=\"texte\" align=\"left\">Sur ce th\u00e8me \u00ab\u00a0A taste of France &#8211; Un go\u00fbt de la France\u00a0\u00bb Didier Caels leur avait pr\u00e9par\u00e9 un programme complet dont il a la grande maitrise.Voici donc en d\u00e9tail ce qu&rsquo;ils ont fait.<\/p>\n<p class=\"texte\" align=\"left\">Arriv\u00e9s le 7 juin, d\u00e8s le lendemain ils ont visit\u00e9 le ch\u00e2teau puis promenade dans le parc et dans la ville.<br \/>\nLe 9 juin visite de Paris. Le lendemain une journ\u00e9e \u00e0 Reims et accueil dans une maison de champagne.<br \/>\nLe 11 juin r\u00e9ception \u00e0 la mairie de Noisy le Roi. Le 13 balade au chemin des impressionnistes.<br \/>\nLe 14 juin ils se sont rendus en Bretagne avec visite de St Malo et du Mont St Michel. Le jour d&rsquo;apr\u00e8s retour par la Normandie avec un arr\u00eat sur les plages du d\u00e9barquement et au M\u00e9morial de Caen.<\/p>\n<p class=\"texte\" align=\"left\">Ils sont repartis vers les Etats-Unis le 16 juin avec plein de merveilleux souvenirs.<\/p>\n","protected":false},"excerpt":{"rendered":"<p>La venue de Seniors d&rsquo;Albion \u00e0 Noisy le Roi-Bailly est devenue r\u00e9guli\u00e8re. En effet, tous les 2 ans, sous l&rsquo;impulsion de Mary Slater, co pr\u00e9sidente du comit\u00e9 de jumelage d&rsquo;Albion, nous avons le plaisir d&rsquo;accueillir nos amis Am\u00e9ricains pour une visite de notre pays. Cette ann\u00e9e ils \u00e9taient 14 \u00e0 venir chez nous avec comme [&hellip;]<\/p>\n","protected":false},"author":1,"featured_media":4388,"comment_status":"closed","ping_status":"open","sticky":false,"template":"","format":"standard","meta":[],"categories":[17],"tags":[],"yoast_head":"<!-- This site is optimized with the Yoast SEO plugin v18.5.1 - https:\/\/yoast.com\/wordpress\/plugins\/seo\/ -->\n<title>A Taste of France - Un go\u00fbt de la France - Jumelage Noisy le Roi \/ Bailly<\/title>\n<meta name=\"robots\" content=\"index, follow, max-snippet:-1, max-image-preview:large, max-video-preview:-1\" \/>\n<link rel=\"canonical\" href=\"https:\/\/cjnrb.fr\/cjnrb_fr\/a-taste-of-france-un-gout-de-la-france\/\" \/>\n<meta property=\"og:locale\" content=\"fr_FR\" \/>\n<meta property=\"og:type\" content=\"article\" \/>\n<meta property=\"og:title\" content=\"A Taste of France - Un go\u00fbt de la France - Jumelage Noisy le Roi \/ Bailly\" \/>\n<meta property=\"og:description\" content=\"La venue de Seniors d&rsquo;Albion \u00e0 Noisy le Roi-Bailly est devenue r\u00e9guli\u00e8re. En effet, tous les 2 ans, sous l&rsquo;impulsion de Mary Slater, co pr\u00e9sidente du comit\u00e9 de jumelage d&rsquo;Albion, nous avons le plaisir d&rsquo;accueillir nos amis Am\u00e9ricains pour une visite de notre pays. Cette ann\u00e9e ils \u00e9taient 14 \u00e0 venir chez nous avec comme [&hellip;]\" \/>\n<meta property=\"og:url\" content=\"https:\/\/cjnrb.fr\/cjnrb_fr\/a-taste-of-france-un-gout-de-la-france\/\" \/>\n<meta property=\"og:site_name\" content=\"Jumelage Noisy le Roi \/ Bailly\" \/>\n<meta property=\"article:published_time\" content=\"2016-06-16T12:27:31+00:00\" \/>\n<meta property=\"article:modified_time\" content=\"2018-11-22T18:06:31+00:00\" \/>\n<meta property=\"og:image\" content=\"https:\/\/cjnrb.fr\/cjnrb_fr\/wp-content\/uploads\/2016\/06\/albion-taste.jpg\" \/>\n\t<meta property=\"og:image:width\" content=\"150\" \/>\n\t<meta property=\"og:image:height\" content=\"113\" \/>\n\t<meta property=\"og:image:type\" content=\"image\/jpeg\" \/>\n<meta name=\"twitter:card\" content=\"summary_large_image\" \/>\n<meta name=\"twitter:label1\" content=\"\u00c9crit par\" \/>\n\t<meta name=\"twitter:data1\" content=\"francois\" \/>\n\t<meta name=\"twitter:label2\" content=\"Dur\u00e9e de lecture estim\u00e9e\" \/>\n\t<meta name=\"twitter:data2\" content=\"1 minute\" \/>\n<script type=\"application\/ld+json\" class=\"yoast-schema-graph\">{\"@context\":\"https:\/\/schema.org\",\"@graph\":[{\"@type\":\"WebSite\",\"@id\":\"https:\/\/cjnrb.fr\/cjnrb_fr\/#website\",\"url\":\"https:\/\/cjnrb.fr\/cjnrb_fr\/\",\"name\":\"Jumelage Noisy le Roi \/ Bailly\",\"description\":\"\u00e9changes dans les domaines scolaires, culturels, sportifs, \u00e9conomiques et environnementaux avec les villes d\u2019Albion (USA) et Godella (Espagne) \",\"potentialAction\":[{\"@type\":\"SearchAction\",\"target\":{\"@type\":\"EntryPoint\",\"urlTemplate\":\"https:\/\/cjnrb.fr\/cjnrb_fr\/?s={search_term_string}\"},\"query-input\":\"required name=search_term_string\"}],\"inLanguage\":\"fr-FR\"},{\"@type\":\"ImageObject\",\"@id\":\"https:\/\/cjnrb.fr\/cjnrb_fr\/a-taste-of-france-un-gout-de-la-france\/#primaryimage\",\"inLanguage\":\"fr-FR\",\"url\":\"https:\/\/cjnrb.fr\/cjnrb_fr\/wp-content\/uploads\/2016\/06\/albion-taste.jpg\",\"contentUrl\":\"https:\/\/cjnrb.fr\/cjnrb_fr\/wp-content\/uploads\/2016\/06\/albion-taste.jpg\",\"width\":150,\"height\":113},{\"@type\":\"WebPage\",\"@id\":\"https:\/\/cjnrb.fr\/cjnrb_fr\/a-taste-of-france-un-gout-de-la-france\/#webpage\",\"url\":\"https:\/\/cjnrb.fr\/cjnrb_fr\/a-taste-of-france-un-gout-de-la-france\/\",\"name\":\"A Taste of France - Un go\u00fbt de la France - Jumelage Noisy le Roi \/ Bailly\",\"isPartOf\":{\"@id\":\"https:\/\/cjnrb.fr\/cjnrb_fr\/#website\"},\"primaryImageOfPage\":{\"@id\":\"https:\/\/cjnrb.fr\/cjnrb_fr\/a-taste-of-france-un-gout-de-la-france\/#primaryimage\"},\"datePublished\":\"2016-06-16T12:27:31+00:00\",\"dateModified\":\"2018-11-22T18:06:31+00:00\",\"author\":{\"@id\":\"https:\/\/cjnrb.fr\/cjnrb_fr\/#\/schema\/person\/1d7e5959ede7cd403648c23fbf7a224c\"},\"breadcrumb\":{\"@id\":\"https:\/\/cjnrb.fr\/cjnrb_fr\/a-taste-of-france-un-gout-de-la-france\/#breadcrumb\"},\"inLanguage\":\"fr-FR\",\"potentialAction\":[{\"@type\":\"ReadAction\",\"target\":[\"https:\/\/cjnrb.fr\/cjnrb_fr\/a-taste-of-france-un-gout-de-la-france\/\"]}]},{\"@type\":\"BreadcrumbList\",\"@id\":\"https:\/\/cjnrb.fr\/cjnrb_fr\/a-taste-of-france-un-gout-de-la-france\/#breadcrumb\",\"itemListElement\":[{\"@type\":\"ListItem\",\"position\":1,\"name\":\"Accueil\",\"item\":\"https:\/\/cjnrb.fr\/cjnrb_fr\/\"},{\"@type\":\"ListItem\",\"position\":2,\"name\":\"A Taste of France &#8211; Un go\u00fbt de la France\"}]},{\"@type\":\"Person\",\"@id\":\"https:\/\/cjnrb.fr\/cjnrb_fr\/#\/schema\/person\/1d7e5959ede7cd403648c23fbf7a224c\",\"name\":\"francois\",\"image\":{\"@type\":\"ImageObject\",\"@id\":\"https:\/\/cjnrb.fr\/cjnrb_fr\/#personlogo\",\"inLanguage\":\"fr-FR\",\"url\":\"https:\/\/secure.gravatar.com\/avatar\/89e31bd17b28c77cebe20b6999903d3a?s=96&d=mm&r=g\",\"contentUrl\":\"https:\/\/secure.gravatar.com\/avatar\/89e31bd17b28c77cebe20b6999903d3a?s=96&d=mm&r=g\",\"caption\":\"francois\"},\"url\":\"https:\/\/cjnrb.fr\/cjnrb_fr\/author\/francois\/\"}]}<\/script>\n<!-- \/ Yoast SEO plugin. -->","yoast_head_json":{"title":"A Taste of France - Un go\u00fbt de la France - Jumelage Noisy le Roi \/ Bailly","robots":{"index":"index","follow":"follow","max-snippet":"max-snippet:-1","max-image-preview":"max-image-preview:large","max-video-preview":"max-video-preview:-1"},"canonical":"https:\/\/cjnrb.fr\/cjnrb_fr\/a-taste-of-france-un-gout-de-la-france\/","og_locale":"fr_FR","og_type":"article","og_title":"A Taste of France - Un go\u00fbt de la France - Jumelage Noisy le Roi \/ Bailly","og_description":"La venue de Seniors d&rsquo;Albion \u00e0 Noisy le Roi-Bailly est devenue r\u00e9guli\u00e8re. En effet, tous les 2 ans, sous l&rsquo;impulsion de Mary Slater, co pr\u00e9sidente du comit\u00e9 de jumelage d&rsquo;Albion, nous avons le plaisir d&rsquo;accueillir nos amis Am\u00e9ricains pour une visite de notre pays. Cette ann\u00e9e ils \u00e9taient 14 \u00e0 venir chez nous avec comme [&hellip;]","og_url":"https:\/\/cjnrb.fr\/cjnrb_fr\/a-taste-of-france-un-gout-de-la-france\/","og_site_name":"Jumelage Noisy le Roi \/ Bailly","article_published_time":"2016-06-16T12:27:31+00:00","article_modified_time":"2018-11-22T18:06:31+00:00","og_image":[{"width":150,"height":113,"url":"https:\/\/cjnrb.fr\/cjnrb_fr\/wp-content\/uploads\/2016\/06\/albion-taste.jpg","type":"image\/jpeg"}],"twitter_card":"summary_large_image","twitter_misc":{"\u00c9crit par":"francois","Dur\u00e9e de lecture estim\u00e9e":"1 minute"},"schema":{"@context":"https:\/\/schema.org","@graph":[{"@type":"WebSite","@id":"https:\/\/cjnrb.fr\/cjnrb_fr\/#website","url":"https:\/\/cjnrb.fr\/cjnrb_fr\/","name":"Jumelage Noisy le Roi \/ Bailly","description":"\u00e9changes dans les domaines scolaires, culturels, sportifs, \u00e9conomiques et environnementaux avec les villes d\u2019Albion (USA) et Godella (Espagne) ","potentialAction":[{"@type":"SearchAction","target":{"@type":"EntryPoint","urlTemplate":"https:\/\/cjnrb.fr\/cjnrb_fr\/?s={search_term_string}"},"query-input":"required name=search_term_string"}],"inLanguage":"fr-FR"},{"@type":"ImageObject","@id":"https:\/\/cjnrb.fr\/cjnrb_fr\/a-taste-of-france-un-gout-de-la-france\/#primaryimage","inLanguage":"fr-FR","url":"https:\/\/cjnrb.fr\/cjnrb_fr\/wp-content\/uploads\/2016\/06\/albion-taste.jpg","contentUrl":"https:\/\/cjnrb.fr\/cjnrb_fr\/wp-content\/uploads\/2016\/06\/albion-taste.jpg","width":150,"height":113},{"@type":"WebPage","@id":"https:\/\/cjnrb.fr\/cjnrb_fr\/a-taste-of-france-un-gout-de-la-france\/#webpage","url":"https:\/\/cjnrb.fr\/cjnrb_fr\/a-taste-of-france-un-gout-de-la-france\/","name":"A Taste of France - Un go\u00fbt de la France - Jumelage Noisy le Roi \/ Bailly","isPartOf":{"@id":"https:\/\/cjnrb.fr\/cjnrb_fr\/#website"},"primaryImageOfPage":{"@id":"https:\/\/cjnrb.fr\/cjnrb_fr\/a-taste-of-france-un-gout-de-la-france\/#primaryimage"},"datePublished":"2016-06-16T12:27:31+00:00","dateModified":"2018-11-22T18:06:31+00:00","author":{"@id":"https:\/\/cjnrb.fr\/cjnrb_fr\/#\/schema\/person\/1d7e5959ede7cd403648c23fbf7a224c"},"breadcrumb":{"@id":"https:\/\/cjnrb.fr\/cjnrb_fr\/a-taste-of-france-un-gout-de-la-france\/#breadcrumb"},"inLanguage":"fr-FR","potentialAction":[{"@type":"ReadAction","target":["https:\/\/cjnrb.fr\/cjnrb_fr\/a-taste-of-france-un-gout-de-la-france\/"]}]},{"@type":"BreadcrumbList","@id":"https:\/\/cjnrb.fr\/cjnrb_fr\/a-taste-of-france-un-gout-de-la-france\/#breadcrumb","itemListElement":[{"@type":"ListItem","position":1,"name":"Accueil","item":"https:\/\/cjnrb.fr\/cjnrb_fr\/"},{"@type":"ListItem","position":2,"name":"A Taste of France &#8211; Un go\u00fbt de la France"}]},{"@type":"Person","@id":"https:\/\/cjnrb.fr\/cjnrb_fr\/#\/schema\/person\/1d7e5959ede7cd403648c23fbf7a224c","name":"francois","image":{"@type":"ImageObject","@id":"https:\/\/cjnrb.fr\/cjnrb_fr\/#personlogo","inLanguage":"fr-FR","url":"https:\/\/secure.gravatar.com\/avatar\/89e31bd17b28c77cebe20b6999903d3a?s=96&d=mm&r=g","contentUrl":"https:\/\/secure.gravatar.com\/avatar\/89e31bd17b28c77cebe20b6999903d3a?s=96&d=mm&r=g","caption":"francois"},"url":"https:\/\/cjnrb.fr\/cjnrb_fr\/author\/francois\/"}]}},"_links":{"self":[{"href":"https:\/\/cjnrb.fr\/cjnrb_fr\/wp-json\/wp\/v2\/posts\/3713"}],"collection":[{"href":"https:\/\/cjnrb.fr\/cjnrb_fr\/wp-json\/wp\/v2\/posts"}],"about":[{"href":"https:\/\/cjnrb.fr\/cjnrb_fr\/wp-json\/wp\/v2\/types\/post"}],"author":[{"embeddable":true,"href":"https:\/\/cjnrb.fr\/cjnrb_fr\/wp-json\/wp\/v2\/users\/1"}],"replies":[{"embeddable":true,"href":"https:\/\/cjnrb.fr\/cjnrb_fr\/wp-json\/wp\/v2\/comments?post=3713"}],"version-history":[{"count":1,"href":"https:\/\/cjnrb.fr\/cjnrb_fr\/wp-json\/wp\/v2\/posts\/3713\/revisions"}],"predecessor-version":[{"id":3714,"href":"https:\/\/cjnrb.fr\/cjnrb_fr\/wp-json\/wp\/v2\/posts\/3713\/revisions\/3714"}],"wp:featuredmedia":[{"embeddable":true,"href":"https:\/\/cjnrb.fr\/cjnrb_fr\/wp-json\/wp\/v2\/media\/4388"}],"wp:attachment":[{"href":"https:\/\/cjnrb.fr\/cjnrb_fr\/wp-json\/wp\/v2\/media?parent=3713"}],"wp:term":[{"taxonomy":"category","embeddable":true,"href":"https:\/\/cjnrb.fr\/cjnrb_fr\/wp-json\/wp\/v2\/categories?post=3713"},{"taxonomy":"post_tag","embeddable":true,"href":"https:\/\/cjnrb.fr\/cjnrb_fr\/wp-json\/wp\/v2\/tags?post=3713"}],"curies":[{"name":"wp","href":"https:\/\/api.w.org\/{rel}","templated":true}]}}