{"id":3702,"date":"2016-05-02T14:19:35","date_gmt":"2016-05-02T12:19:35","guid":{"rendered":"http:\/\/cjnrb.fr\/cjnrb_fr\/?p=3702"},"modified":"2018-11-02T16:11:01","modified_gmt":"2018-11-02T15:11:01","slug":"culture-et-randonnee-en-espagne","status":"publish","type":"post","link":"https:\/\/cjnrb.fr\/cjnrb_fr\/culture-et-randonnee-en-espagne\/","title":{"rendered":"Culture et Randonn\u00e9e en Espagne"},"content":{"rendered":"<blockquote><p><strong>Les Comit\u00e9s de Jumelage de Bailly\/Noisy le Roi et de Godella ont organis\u00e9 conjointement une randonn\u00e9e de 8 jours dans le pays valencien, en Espagne, d\u00e9but mai. Un groupe de quinze Baillacois et Nois\u00e9ens\u00a0 se sont lanc\u00e9s dans cette belle aventure.<\/strong><\/p><\/blockquote>\n<p>&#8211; Envol\u00a0 le 1er mai,\u00a0 accueil chaleureux par une d\u00e9l\u00e9gation espagnole conduite par Paco Arandiga LLaudes, adjoint au Maire,\u00a0 Rosa Estelles, Genis Ruiz et Vicente Madrid, nos talentueux organisateurs et piliers du Jumelage.<br \/>\nCe premier jour, nous avons d\u00e9couvert la ville de Godella (13\u00a0300 habitants) situ\u00e9e dans le pays de la Horta.<br \/>\nLa Horta est l\u2019\u00e9quivalent de la Plaine de Versailles pour les r\u00e9sidents de nos communes.<\/p>\n<p>&#8211; D\u00e8s le 2 mai, nous partons pour une\u00a0 randonn\u00e9e facile d\u2019environ 10km sur la Via Verde (ancienne voie de chemin de fer abandonn\u00e9e) entre Benicassim et Oropea de Mar longeant la mer. Temps ensoleill\u00e9, jolis paysages marins\u2026<br \/>\nLe groupe a test\u00e9 sa capacit\u00e9 de marche.<br \/>\nPuis d\u00e9part en car pour Vistabella del Maestrat situ\u00e9e \u00e0 1200m d\u2019altitude.<br \/>\nLe temps s\u2019est nettement refroidi.<\/p>\n<p>&#8211; Le 3 mai, d\u00e8s 9h, nous nous dirigeons en car dans le parc naturel de Penyagolosa avec un arr\u00eat au sanctuaire de Sant Joan. Quatre Espagnols encadrent notre groupe. L\u2019organisateur Genis Ruiz sera omnipr\u00e9sent\u2026<br \/>\nDe l\u00e0, nous commen\u00e7ons l\u2019ascension du Penyagolosa situ\u00e9 \u00e0 1\u00a0814m d\u2019altitude. 700m de d\u00e9nivel\u00e9 et 12km de marche. Le groupe s\u2019\u00e9tire\u2026 Certains font une halte, nous les retrouverons en redescendant.<br \/>\nNous croisons en cours de route des chamois. Le paysage offre de superbes\u00a0 vues plongeantes sur les vall\u00e9es avoisinantes.<br \/>\nL\u2019arriv\u00e9e sur le pic rocheux est grandiose.<br \/>\nRetour pour d\u00e9jeuner copieusement dans un restaurant puis, un peu en fin de soir\u00e9e, \u00a08 km de marche pour surplomber le village de Estrella , vieux village abandonn\u00e9, situ\u00e9 au fond d\u2019un ravin. Nous sommes seuls au monde dans un paysage de for\u00eat et de champs\u2026 Le car nous attend au milieu d\u2019une \u00e9tendue verte. Sa pr\u00e9sence \u00e0 cet endroit est magique\u00a0et nous ravit\u00a0!<br \/>\nLes premi\u00e8res ampoules au pied se font sentir. Cette deuxi\u00e8me marche a fatigu\u00e9 les muscles.<\/p>\n<p>&#8211; Le 4 mai, nous reprenons le car pour nous diriger vers El Forcall, village de montagne et atteindre Morella, ville gothique, domin\u00e9e par un ch\u00e2teau et des remparts m\u00e9di\u00e9vaux et deux grandes portes d\u2019acc\u00e8s.<br \/>\nC\u2019est une petite ville touristique tr\u00e8s anim\u00e9e aux ruelles \u00e9troites\u00a0 que nous d\u00e9couvrons. Nous y faisons provision de menus objets artisanaux et de sp\u00e9cialit\u00e9s alimentaires locales. L\u2019h\u00f4tel de bon confort au c\u0153ur de la ville est tr\u00e8s appr\u00e9ci\u00e9 par tous. Petite marche de 3 ou 4 km seulement\u00a0! Du repos \u2026<\/p>\n<p>&#8211; Le 5 mai, notre car nous emm\u00e8ne jusqu\u2019\u00e0 Fredes, village situ\u00e9 dans un paysage sauvage de montagne.<br \/>\nDe l\u00e0, nous partons pour effectuer la randonn\u00e9e la plus ardue du voyage\u00a0!<br \/>\n700m de descente par un chemin bord\u00e9 de falaises et de for\u00eat, puis 700m de grimpe ardue pour atteindre les Portes de l\u2019Enfer\u2026 Il fait chaud, une colonie de 90 vautours nous survolent, le chemin est glissant mais le spectacle grandiose.<br \/>\nEn fin de parcours une cascade est la bienvenue pour rafraichir les corps \u00e9chauff\u00e9s par l\u2019effort.<br \/>\nLe groupe s\u2019est scind\u00e9 en deux, certains sont all\u00e9s visiter le sanctuaire de la \u00ab\u00a0Verge de la Balma\u00a0\u00bb\u00a0 creus\u00e9 dans la montagne.<br \/>\nNous nous retrouvons dans un restaurant de montagne tr\u00e8s typique. Les plats se succ\u00e8dent et nous terminons par un caf\u00e9 grill\u00e9 flamb\u00e9 tr\u00e8s appr\u00e9ci\u00e9\u2026<br \/>\nNous partons pour Valderrobes, un des plus beaux villages d\u2019Espagne, coup\u00e9 en deux par une rivi\u00e8re. La partie haute de la cit\u00e9, construite \u00e0 flanc de colline, repr\u00e9sente le c\u0153ur historique avec son ch\u00e2teau datant du XIVe si\u00e8cle.<br \/>\nNous atteignons ensuite Beceite, village autrefois entour\u00e9 de remparts, \u00e0 l\u2019architecture remarquable.<\/p>\n<p>&#8211; Le 6 mai, randonn\u00e9e de 18km le long de la rivi\u00e8re Matarranya dans le Parisal.<br \/>\nDans les gorges, il nous faut emprunter des troncs d\u2019arbre et des passerelles, ou sauter de rocher en rocher pour traverser l\u2019eau\u2026 Avoir le sens de l\u2019\u00e9quilibre s\u2019av\u00e8re n\u00e9cessaire. Certains l\u2019apprendront \u00e0 leurs d\u00e9pens.<br \/>\nC\u2019est un secteur assez fr\u00e9quent\u00e9 par des touristes venant de toute l\u2019Europe. Superbe paysage reposant et tr\u00e8s diff\u00e9rent de ce que nous avons vu jusqu\u2019alors\u2026<br \/>\nLe chemin d\u2019approche et de retour semble interminable le car n\u2019ayant pu acc\u00e9der au chemin d\u2019acc\u00e8s emprunt\u00e9 par les voitures.<br \/>\nRetour dans les familles \u00e0 Godella.<\/p>\n<p>&#8211; Le 7 mai, d\u00e9placement \u00e0 Olocau en voiture puis randonn\u00e9e au village ib\u00e9rique dela Punta dels Llops du Ve si\u00e8cle avant JC \u00e0 427m d\u2019altitude.<br \/>\nNotre groupe s\u2019est agrandi. Nous sommes une trentaine. Eva Sanchis, Maire de Godella, nous accompagne ainsi que Paco Arandiga LLaudes.<br \/>\nL\u2019ambiance est bon enfant, chacun est heureux de cette semaine partag\u00e9e entre l\u2019effort, l\u2019amiti\u00e9, la beaut\u00e9 des paysages, l\u2019accueil et la cuisine espagnole\u00a0!<br \/>\nLe repas de cette derni\u00e8re course montagneuse est un v\u00e9ritable banquet\u00a0 o\u00f9 l\u2019on se raconte haut et fort les diff\u00e9rentes aventures v\u00e9cues.<br \/>\nLe soir, concert\u00a0: Requiem de Mozart \u00e0 Valence o\u00f9 notre amie Carmen Sesen chantait.<\/p>\n<p>&#8211; Le 8 mai aurait d\u00fb permettre une randonn\u00e9e dans le parc naturel de l\u2019Albufera situ\u00e9 \u00e0 10km de Valence mais la pluie a emp\u00each\u00e9 ce joli projet. C\u2019est donc par une visite d\u2019el Palmar, village au c\u0153ur de ce site, que nous avons commenc\u00e9. Puis bien s\u00fbr immense paella\u00a0 et promenade en bateau sur le lac pour d\u00e9couvrir les diff\u00e9rentes esp\u00e8ces d\u2019oiseaux qui nidifient dans ce site.<\/p>\n<p>Le 9 mai, visite de Valence sous la pluie avant le d\u00e9part pour Paris et l\u2019adieu \u00e0 nos amis si attentionn\u00e9s.<br \/>\nD\u00e9j\u00e0 des projets de randonn\u00e9e nouvelle s\u2019\u00e9chafaudent aussi bien pour un nouveau voyage en Espagne qu\u2019une venue de marcheurs espagnols en France\u2026<br \/>\nDu c\u00f4t\u00e9 Albion, nos amis am\u00e9ricains envisagent eux-aussi de nous faire visiter le Michigan en 2017.<br \/>\nCes \u00e9changes nous font d\u00e9couvrir des endroits souvent insolites et nous permettent de croiser des personnes qui n\u2019h\u00e9sitent pas \u00e0 nous accueillir et \u00e0 nous donner beaucoup de leur temps pour nous faire d\u00e9couvrir leur pays et leur culture. De vraies amiti\u00e9s se cr\u00e9ent.<br \/>\nTout le groupe et le Comit\u00e9 de jumelage de nos communes remercient tr\u00e8s chaleureusement Godella pour son accueil et la qualit\u00e9 de l\u2019organisation de son s\u00e9jour. Faire aussi bien sera difficile\u00a0!<\/p>\n<p style=\"text-align: right;\">Danielle Cordier<\/p>\n\n\t\t<style type=\"text\/css\">\n\t\t\t#gallery-1 {\n\t\t\t\tmargin: auto;\n\t\t\t}\n\t\t\t#gallery-1 .gallery-item {\n\t\t\t\tfloat: left;\n\t\t\t\tmargin-top: 10px;\n\t\t\t\ttext-align: center;\n\t\t\t\twidth: 20%;\n\t\t\t}\n\t\t\t#gallery-1 img {\n\t\t\t\tborder: 2px solid #cfcfcf;\n\t\t\t}\n\t\t\t#gallery-1 .gallery-caption {\n\t\t\t\tmargin-left: 0;\n\t\t\t}\n\t\t\t\/* see gallery_shortcode() in wp-includes\/media.php *\/\n\t\t<\/style>\n\t\t<div id='gallery-1' class='gallery galleryid-3702 gallery-columns-5 gallery-size-thumbnail'><dl class='gallery-item'>\n\t\t\t<dt class='gallery-icon portrait'>\n\t\t\t\t<a href='https:\/\/cjnrb.fr\/cjnrb_fr\/wp-content\/uploads\/2018\/11\/IMG_3020.jpg'><img width=\"80\" height=\"80\" src=\"https:\/\/cjnrb.fr\/cjnrb_fr\/wp-content\/uploads\/2018\/11\/IMG_3020-80x80.jpg\" class=\"attachment-thumbnail size-thumbnail\" alt=\"\" loading=\"lazy\" srcset=\"https:\/\/cjnrb.fr\/cjnrb_fr\/wp-content\/uploads\/2018\/11\/IMG_3020-80x80.jpg 80w, https:\/\/cjnrb.fr\/cjnrb_fr\/wp-content\/uploads\/2018\/11\/IMG_3020-36x36.jpg 36w, https:\/\/cjnrb.fr\/cjnrb_fr\/wp-content\/uploads\/2018\/11\/IMG_3020-180x180.jpg 180w, https:\/\/cjnrb.fr\/cjnrb_fr\/wp-content\/uploads\/2018\/11\/IMG_3020-400x400.jpg 400w, https:\/\/cjnrb.fr\/cjnrb_fr\/wp-content\/uploads\/2018\/11\/IMG_3020-120x120.jpg 120w\" sizes=\"(max-width: 80px) 100vw, 80px\" \/><\/a>\n\t\t\t<\/dt><\/dl><dl class='gallery-item'>\n\t\t\t<dt class='gallery-icon landscape'>\n\t\t\t\t<a href='https:\/\/cjnrb.fr\/cjnrb_fr\/wp-content\/uploads\/2018\/11\/IMG_3054.jpg'><img width=\"80\" height=\"80\" src=\"https:\/\/cjnrb.fr\/cjnrb_fr\/wp-content\/uploads\/2018\/11\/IMG_3054-80x80.jpg\" class=\"attachment-thumbnail size-thumbnail\" alt=\"\" loading=\"lazy\" srcset=\"https:\/\/cjnrb.fr\/cjnrb_fr\/wp-content\/uploads\/2018\/11\/IMG_3054-80x80.jpg 80w, https:\/\/cjnrb.fr\/cjnrb_fr\/wp-content\/uploads\/2018\/11\/IMG_3054-36x36.jpg 36w, https:\/\/cjnrb.fr\/cjnrb_fr\/wp-content\/uploads\/2018\/11\/IMG_3054-180x180.jpg 180w, https:\/\/cjnrb.fr\/cjnrb_fr\/wp-content\/uploads\/2018\/11\/IMG_3054-120x120.jpg 120w\" sizes=\"(max-width: 80px) 100vw, 80px\" \/><\/a>\n\t\t\t<\/dt><\/dl><dl class='gallery-item'>\n\t\t\t<dt class='gallery-icon landscape'>\n\t\t\t\t<a href='https:\/\/cjnrb.fr\/cjnrb_fr\/wp-content\/uploads\/2018\/11\/IMG_3085.jpg'><img width=\"80\" height=\"80\" src=\"https:\/\/cjnrb.fr\/cjnrb_fr\/wp-content\/uploads\/2018\/11\/IMG_3085-80x80.jpg\" class=\"attachment-thumbnail size-thumbnail\" alt=\"\" loading=\"lazy\" srcset=\"https:\/\/cjnrb.fr\/cjnrb_fr\/wp-content\/uploads\/2018\/11\/IMG_3085-80x80.jpg 80w, https:\/\/cjnrb.fr\/cjnrb_fr\/wp-content\/uploads\/2018\/11\/IMG_3085-36x36.jpg 36w, https:\/\/cjnrb.fr\/cjnrb_fr\/wp-content\/uploads\/2018\/11\/IMG_3085-180x180.jpg 180w, https:\/\/cjnrb.fr\/cjnrb_fr\/wp-content\/uploads\/2018\/11\/IMG_3085-120x120.jpg 120w\" sizes=\"(max-width: 80px) 100vw, 80px\" \/><\/a>\n\t\t\t<\/dt><\/dl><dl class='gallery-item'>\n\t\t\t<dt class='gallery-icon landscape'>\n\t\t\t\t<a href='https:\/\/cjnrb.fr\/cjnrb_fr\/wp-content\/uploads\/2018\/11\/IMG_3282.jpg'><img width=\"80\" height=\"80\" src=\"https:\/\/cjnrb.fr\/cjnrb_fr\/wp-content\/uploads\/2018\/11\/IMG_3282-80x80.jpg\" class=\"attachment-thumbnail size-thumbnail\" alt=\"\" loading=\"lazy\" srcset=\"https:\/\/cjnrb.fr\/cjnrb_fr\/wp-content\/uploads\/2018\/11\/IMG_3282-80x80.jpg 80w, https:\/\/cjnrb.fr\/cjnrb_fr\/wp-content\/uploads\/2018\/11\/IMG_3282-36x36.jpg 36w, https:\/\/cjnrb.fr\/cjnrb_fr\/wp-content\/uploads\/2018\/11\/IMG_3282-180x180.jpg 180w, https:\/\/cjnrb.fr\/cjnrb_fr\/wp-content\/uploads\/2018\/11\/IMG_3282-120x120.jpg 120w\" sizes=\"(max-width: 80px) 100vw, 80px\" \/><\/a>\n\t\t\t<\/dt><\/dl><dl class='gallery-item'>\n\t\t\t<dt class='gallery-icon landscape'>\n\t\t\t\t<a href='https:\/\/cjnrb.fr\/cjnrb_fr\/wp-content\/uploads\/2018\/11\/IMG_3297.jpg'><img width=\"80\" height=\"80\" src=\"https:\/\/cjnrb.fr\/cjnrb_fr\/wp-content\/uploads\/2018\/11\/IMG_3297-80x80.jpg\" class=\"attachment-thumbnail size-thumbnail\" alt=\"\" loading=\"lazy\" srcset=\"https:\/\/cjnrb.fr\/cjnrb_fr\/wp-content\/uploads\/2018\/11\/IMG_3297-80x80.jpg 80w, https:\/\/cjnrb.fr\/cjnrb_fr\/wp-content\/uploads\/2018\/11\/IMG_3297-36x36.jpg 36w, https:\/\/cjnrb.fr\/cjnrb_fr\/wp-content\/uploads\/2018\/11\/IMG_3297-180x180.jpg 180w, https:\/\/cjnrb.fr\/cjnrb_fr\/wp-content\/uploads\/2018\/11\/IMG_3297-120x120.jpg 120w\" sizes=\"(max-width: 80px) 100vw, 80px\" \/><\/a>\n\t\t\t<\/dt><\/dl><br style=\"clear: both\" \/><dl class='gallery-item'>\n\t\t\t<dt class='gallery-icon landscape'>\n\t\t\t\t<a href='https:\/\/cjnrb.fr\/cjnrb_fr\/wp-content\/uploads\/2018\/11\/IMG_3414.jpg'><img width=\"80\" height=\"80\" src=\"https:\/\/cjnrb.fr\/cjnrb_fr\/wp-content\/uploads\/2018\/11\/IMG_3414-80x80.jpg\" class=\"attachment-thumbnail size-thumbnail\" alt=\"\" loading=\"lazy\" srcset=\"https:\/\/cjnrb.fr\/cjnrb_fr\/wp-content\/uploads\/2018\/11\/IMG_3414-80x80.jpg 80w, https:\/\/cjnrb.fr\/cjnrb_fr\/wp-content\/uploads\/2018\/11\/IMG_3414-36x36.jpg 36w, https:\/\/cjnrb.fr\/cjnrb_fr\/wp-content\/uploads\/2018\/11\/IMG_3414-180x180.jpg 180w, https:\/\/cjnrb.fr\/cjnrb_fr\/wp-content\/uploads\/2018\/11\/IMG_3414-120x120.jpg 120w\" sizes=\"(max-width: 80px) 100vw, 80px\" \/><\/a>\n\t\t\t<\/dt><\/dl><dl class='gallery-item'>\n\t\t\t<dt class='gallery-icon landscape'>\n\t\t\t\t<a href='https:\/\/cjnrb.fr\/cjnrb_fr\/wp-content\/uploads\/2018\/11\/IMG_3428.jpg'><img width=\"80\" height=\"80\" src=\"https:\/\/cjnrb.fr\/cjnrb_fr\/wp-content\/uploads\/2018\/11\/IMG_3428-80x80.jpg\" class=\"attachment-thumbnail size-thumbnail\" alt=\"\" loading=\"lazy\" srcset=\"https:\/\/cjnrb.fr\/cjnrb_fr\/wp-content\/uploads\/2018\/11\/IMG_3428-80x80.jpg 80w, https:\/\/cjnrb.fr\/cjnrb_fr\/wp-content\/uploads\/2018\/11\/IMG_3428-36x36.jpg 36w, https:\/\/cjnrb.fr\/cjnrb_fr\/wp-content\/uploads\/2018\/11\/IMG_3428-180x180.jpg 180w, https:\/\/cjnrb.fr\/cjnrb_fr\/wp-content\/uploads\/2018\/11\/IMG_3428-120x120.jpg 120w\" sizes=\"(max-width: 80px) 100vw, 80px\" \/><\/a>\n\t\t\t<\/dt><\/dl><dl class='gallery-item'>\n\t\t\t<dt class='gallery-icon landscape'>\n\t\t\t\t<a href='https:\/\/cjnrb.fr\/cjnrb_fr\/wp-content\/uploads\/2018\/11\/IMG_3512.jpg'><img width=\"80\" height=\"80\" src=\"https:\/\/cjnrb.fr\/cjnrb_fr\/wp-content\/uploads\/2018\/11\/IMG_3512-80x80.jpg\" class=\"attachment-thumbnail size-thumbnail\" alt=\"\" loading=\"lazy\" srcset=\"https:\/\/cjnrb.fr\/cjnrb_fr\/wp-content\/uploads\/2018\/11\/IMG_3512-80x80.jpg 80w, https:\/\/cjnrb.fr\/cjnrb_fr\/wp-content\/uploads\/2018\/11\/IMG_3512-36x36.jpg 36w, https:\/\/cjnrb.fr\/cjnrb_fr\/wp-content\/uploads\/2018\/11\/IMG_3512-180x180.jpg 180w, https:\/\/cjnrb.fr\/cjnrb_fr\/wp-content\/uploads\/2018\/11\/IMG_3512-120x120.jpg 120w\" sizes=\"(max-width: 80px) 100vw, 80px\" \/><\/a>\n\t\t\t<\/dt><\/dl>\n\t\t\t<br style='clear: both' \/>\n\t\t<\/div>\n\n","protected":false},"excerpt":{"rendered":"<p>Les Comit\u00e9s de Jumelage de Bailly\/Noisy le Roi et de Godella ont organis\u00e9 conjointement une randonn\u00e9e de 8 jours dans le pays valencien, en Espagne, d\u00e9but mai. Un groupe de quinze Baillacois et Nois\u00e9ens\u00a0 se sont lanc\u00e9s dans cette belle aventure. &#8211; Envol\u00a0 le 1er mai,\u00a0 accueil chaleureux par une d\u00e9l\u00e9gation espagnole conduite par Paco [&hellip;]<\/p>\n","protected":false},"author":1,"featured_media":3703,"comment_status":"closed","ping_status":"open","sticky":false,"template":"","format":"standard","meta":[],"categories":[17],"tags":[],"yoast_head":"<!-- This site is optimized with the Yoast SEO plugin v18.5.1 - https:\/\/yoast.com\/wordpress\/plugins\/seo\/ -->\n<title>Culture et Randonn\u00e9e en Espagne - Jumelage Noisy le Roi \/ Bailly<\/title>\n<meta name=\"robots\" content=\"index, follow, max-snippet:-1, max-image-preview:large, max-video-preview:-1\" \/>\n<link rel=\"canonical\" href=\"https:\/\/cjnrb.fr\/cjnrb_fr\/culture-et-randonnee-en-espagne\/\" \/>\n<meta property=\"og:locale\" content=\"fr_FR\" \/>\n<meta property=\"og:type\" content=\"article\" \/>\n<meta property=\"og:title\" content=\"Culture et Randonn\u00e9e en Espagne - Jumelage Noisy le Roi \/ Bailly\" \/>\n<meta property=\"og:description\" content=\"Les Comit\u00e9s de Jumelage de Bailly\/Noisy le Roi et de Godella ont organis\u00e9 conjointement une randonn\u00e9e de 8 jours dans le pays valencien, en Espagne, d\u00e9but mai. Un groupe de quinze Baillacois et Nois\u00e9ens\u00a0 se sont lanc\u00e9s dans cette belle aventure. &#8211; Envol\u00a0 le 1er mai,\u00a0 accueil chaleureux par une d\u00e9l\u00e9gation espagnole conduite par Paco [&hellip;]\" \/>\n<meta property=\"og:url\" content=\"https:\/\/cjnrb.fr\/cjnrb_fr\/culture-et-randonnee-en-espagne\/\" \/>\n<meta property=\"og:site_name\" content=\"Jumelage Noisy le Roi \/ Bailly\" \/>\n<meta property=\"article:published_time\" content=\"2016-05-02T12:19:35+00:00\" \/>\n<meta property=\"article:modified_time\" content=\"2018-11-02T15:11:01+00:00\" \/>\n<meta property=\"og:image\" content=\"https:\/\/cjnrb.fr\/cjnrb_fr\/wp-content\/uploads\/2018\/11\/IMG_3020.jpg\" \/>\n\t<meta property=\"og:image:width\" content=\"400\" \/>\n\t<meta property=\"og:image:height\" content=\"534\" \/>\n\t<meta property=\"og:image:type\" content=\"image\/jpeg\" \/>\n<meta name=\"twitter:card\" content=\"summary_large_image\" \/>\n<meta name=\"twitter:label1\" content=\"\u00c9crit par\" \/>\n\t<meta name=\"twitter:data1\" content=\"francois\" \/>\n\t<meta name=\"twitter:label2\" content=\"Dur\u00e9e de lecture estim\u00e9e\" \/>\n\t<meta name=\"twitter:data2\" content=\"6 minutes\" \/>\n<script type=\"application\/ld+json\" class=\"yoast-schema-graph\">{\"@context\":\"https:\/\/schema.org\",\"@graph\":[{\"@type\":\"WebSite\",\"@id\":\"https:\/\/cjnrb.fr\/cjnrb_fr\/#website\",\"url\":\"https:\/\/cjnrb.fr\/cjnrb_fr\/\",\"name\":\"Jumelage Noisy le Roi \/ Bailly\",\"description\":\"\u00e9changes dans les domaines scolaires, culturels, sportifs, \u00e9conomiques et environnementaux avec les villes d\u2019Albion (USA) et Godella (Espagne) \",\"potentialAction\":[{\"@type\":\"SearchAction\",\"target\":{\"@type\":\"EntryPoint\",\"urlTemplate\":\"https:\/\/cjnrb.fr\/cjnrb_fr\/?s={search_term_string}\"},\"query-input\":\"required name=search_term_string\"}],\"inLanguage\":\"fr-FR\"},{\"@type\":\"ImageObject\",\"@id\":\"https:\/\/cjnrb.fr\/cjnrb_fr\/culture-et-randonnee-en-espagne\/#primaryimage\",\"inLanguage\":\"fr-FR\",\"url\":\"https:\/\/cjnrb.fr\/cjnrb_fr\/wp-content\/uploads\/2018\/11\/IMG_3020.jpg\",\"contentUrl\":\"https:\/\/cjnrb.fr\/cjnrb_fr\/wp-content\/uploads\/2018\/11\/IMG_3020.jpg\",\"width\":400,\"height\":534},{\"@type\":\"WebPage\",\"@id\":\"https:\/\/cjnrb.fr\/cjnrb_fr\/culture-et-randonnee-en-espagne\/#webpage\",\"url\":\"https:\/\/cjnrb.fr\/cjnrb_fr\/culture-et-randonnee-en-espagne\/\",\"name\":\"Culture et Randonn\u00e9e en Espagne - Jumelage Noisy le Roi \/ Bailly\",\"isPartOf\":{\"@id\":\"https:\/\/cjnrb.fr\/cjnrb_fr\/#website\"},\"primaryImageOfPage\":{\"@id\":\"https:\/\/cjnrb.fr\/cjnrb_fr\/culture-et-randonnee-en-espagne\/#primaryimage\"},\"datePublished\":\"2016-05-02T12:19:35+00:00\",\"dateModified\":\"2018-11-02T15:11:01+00:00\",\"author\":{\"@id\":\"https:\/\/cjnrb.fr\/cjnrb_fr\/#\/schema\/person\/1d7e5959ede7cd403648c23fbf7a224c\"},\"breadcrumb\":{\"@id\":\"https:\/\/cjnrb.fr\/cjnrb_fr\/culture-et-randonnee-en-espagne\/#breadcrumb\"},\"inLanguage\":\"fr-FR\",\"potentialAction\":[{\"@type\":\"ReadAction\",\"target\":[\"https:\/\/cjnrb.fr\/cjnrb_fr\/culture-et-randonnee-en-espagne\/\"]}]},{\"@type\":\"BreadcrumbList\",\"@id\":\"https:\/\/cjnrb.fr\/cjnrb_fr\/culture-et-randonnee-en-espagne\/#breadcrumb\",\"itemListElement\":[{\"@type\":\"ListItem\",\"position\":1,\"name\":\"Accueil\",\"item\":\"https:\/\/cjnrb.fr\/cjnrb_fr\/\"},{\"@type\":\"ListItem\",\"position\":2,\"name\":\"Culture et Randonn\u00e9e en Espagne\"}]},{\"@type\":\"Person\",\"@id\":\"https:\/\/cjnrb.fr\/cjnrb_fr\/#\/schema\/person\/1d7e5959ede7cd403648c23fbf7a224c\",\"name\":\"francois\",\"image\":{\"@type\":\"ImageObject\",\"@id\":\"https:\/\/cjnrb.fr\/cjnrb_fr\/#personlogo\",\"inLanguage\":\"fr-FR\",\"url\":\"https:\/\/secure.gravatar.com\/avatar\/89e31bd17b28c77cebe20b6999903d3a?s=96&d=mm&r=g\",\"contentUrl\":\"https:\/\/secure.gravatar.com\/avatar\/89e31bd17b28c77cebe20b6999903d3a?s=96&d=mm&r=g\",\"caption\":\"francois\"},\"url\":\"https:\/\/cjnrb.fr\/cjnrb_fr\/author\/francois\/\"}]}<\/script>\n<!-- \/ Yoast SEO plugin. -->","yoast_head_json":{"title":"Culture et Randonn\u00e9e en Espagne - Jumelage Noisy le Roi \/ Bailly","robots":{"index":"index","follow":"follow","max-snippet":"max-snippet:-1","max-image-preview":"max-image-preview:large","max-video-preview":"max-video-preview:-1"},"canonical":"https:\/\/cjnrb.fr\/cjnrb_fr\/culture-et-randonnee-en-espagne\/","og_locale":"fr_FR","og_type":"article","og_title":"Culture et Randonn\u00e9e en Espagne - Jumelage Noisy le Roi \/ Bailly","og_description":"Les Comit\u00e9s de Jumelage de Bailly\/Noisy le Roi et de Godella ont organis\u00e9 conjointement une randonn\u00e9e de 8 jours dans le pays valencien, en Espagne, d\u00e9but mai. Un groupe de quinze Baillacois et Nois\u00e9ens\u00a0 se sont lanc\u00e9s dans cette belle aventure. &#8211; Envol\u00a0 le 1er mai,\u00a0 accueil chaleureux par une d\u00e9l\u00e9gation espagnole conduite par Paco [&hellip;]","og_url":"https:\/\/cjnrb.fr\/cjnrb_fr\/culture-et-randonnee-en-espagne\/","og_site_name":"Jumelage Noisy le Roi \/ Bailly","article_published_time":"2016-05-02T12:19:35+00:00","article_modified_time":"2018-11-02T15:11:01+00:00","og_image":[{"width":400,"height":534,"url":"https:\/\/cjnrb.fr\/cjnrb_fr\/wp-content\/uploads\/2018\/11\/IMG_3020.jpg","type":"image\/jpeg"}],"twitter_card":"summary_large_image","twitter_misc":{"\u00c9crit par":"francois","Dur\u00e9e de lecture estim\u00e9e":"6 minutes"},"schema":{"@context":"https:\/\/schema.org","@graph":[{"@type":"WebSite","@id":"https:\/\/cjnrb.fr\/cjnrb_fr\/#website","url":"https:\/\/cjnrb.fr\/cjnrb_fr\/","name":"Jumelage Noisy le Roi \/ Bailly","description":"\u00e9changes dans les domaines scolaires, culturels, sportifs, \u00e9conomiques et environnementaux avec les villes d\u2019Albion (USA) et Godella (Espagne) ","potentialAction":[{"@type":"SearchAction","target":{"@type":"EntryPoint","urlTemplate":"https:\/\/cjnrb.fr\/cjnrb_fr\/?s={search_term_string}"},"query-input":"required name=search_term_string"}],"inLanguage":"fr-FR"},{"@type":"ImageObject","@id":"https:\/\/cjnrb.fr\/cjnrb_fr\/culture-et-randonnee-en-espagne\/#primaryimage","inLanguage":"fr-FR","url":"https:\/\/cjnrb.fr\/cjnrb_fr\/wp-content\/uploads\/2018\/11\/IMG_3020.jpg","contentUrl":"https:\/\/cjnrb.fr\/cjnrb_fr\/wp-content\/uploads\/2018\/11\/IMG_3020.jpg","width":400,"height":534},{"@type":"WebPage","@id":"https:\/\/cjnrb.fr\/cjnrb_fr\/culture-et-randonnee-en-espagne\/#webpage","url":"https:\/\/cjnrb.fr\/cjnrb_fr\/culture-et-randonnee-en-espagne\/","name":"Culture et Randonn\u00e9e en Espagne - Jumelage Noisy le Roi \/ Bailly","isPartOf":{"@id":"https:\/\/cjnrb.fr\/cjnrb_fr\/#website"},"primaryImageOfPage":{"@id":"https:\/\/cjnrb.fr\/cjnrb_fr\/culture-et-randonnee-en-espagne\/#primaryimage"},"datePublished":"2016-05-02T12:19:35+00:00","dateModified":"2018-11-02T15:11:01+00:00","author":{"@id":"https:\/\/cjnrb.fr\/cjnrb_fr\/#\/schema\/person\/1d7e5959ede7cd403648c23fbf7a224c"},"breadcrumb":{"@id":"https:\/\/cjnrb.fr\/cjnrb_fr\/culture-et-randonnee-en-espagne\/#breadcrumb"},"inLanguage":"fr-FR","potentialAction":[{"@type":"ReadAction","target":["https:\/\/cjnrb.fr\/cjnrb_fr\/culture-et-randonnee-en-espagne\/"]}]},{"@type":"BreadcrumbList","@id":"https:\/\/cjnrb.fr\/cjnrb_fr\/culture-et-randonnee-en-espagne\/#breadcrumb","itemListElement":[{"@type":"ListItem","position":1,"name":"Accueil","item":"https:\/\/cjnrb.fr\/cjnrb_fr\/"},{"@type":"ListItem","position":2,"name":"Culture et Randonn\u00e9e en Espagne"}]},{"@type":"Person","@id":"https:\/\/cjnrb.fr\/cjnrb_fr\/#\/schema\/person\/1d7e5959ede7cd403648c23fbf7a224c","name":"francois","image":{"@type":"ImageObject","@id":"https:\/\/cjnrb.fr\/cjnrb_fr\/#personlogo","inLanguage":"fr-FR","url":"https:\/\/secure.gravatar.com\/avatar\/89e31bd17b28c77cebe20b6999903d3a?s=96&d=mm&r=g","contentUrl":"https:\/\/secure.gravatar.com\/avatar\/89e31bd17b28c77cebe20b6999903d3a?s=96&d=mm&r=g","caption":"francois"},"url":"https:\/\/cjnrb.fr\/cjnrb_fr\/author\/francois\/"}]}},"_links":{"self":[{"href":"https:\/\/cjnrb.fr\/cjnrb_fr\/wp-json\/wp\/v2\/posts\/3702"}],"collection":[{"href":"https:\/\/cjnrb.fr\/cjnrb_fr\/wp-json\/wp\/v2\/posts"}],"about":[{"href":"https:\/\/cjnrb.fr\/cjnrb_fr\/wp-json\/wp\/v2\/types\/post"}],"author":[{"embeddable":true,"href":"https:\/\/cjnrb.fr\/cjnrb_fr\/wp-json\/wp\/v2\/users\/1"}],"replies":[{"embeddable":true,"href":"https:\/\/cjnrb.fr\/cjnrb_fr\/wp-json\/wp\/v2\/comments?post=3702"}],"version-history":[{"count":3,"href":"https:\/\/cjnrb.fr\/cjnrb_fr\/wp-json\/wp\/v2\/posts\/3702\/revisions"}],"predecessor-version":[{"id":3879,"href":"https:\/\/cjnrb.fr\/cjnrb_fr\/wp-json\/wp\/v2\/posts\/3702\/revisions\/3879"}],"wp:featuredmedia":[{"embeddable":true,"href":"https:\/\/cjnrb.fr\/cjnrb_fr\/wp-json\/wp\/v2\/media\/3703"}],"wp:attachment":[{"href":"https:\/\/cjnrb.fr\/cjnrb_fr\/wp-json\/wp\/v2\/media?parent=3702"}],"wp:term":[{"taxonomy":"category","embeddable":true,"href":"https:\/\/cjnrb.fr\/cjnrb_fr\/wp-json\/wp\/v2\/categories?post=3702"},{"taxonomy":"post_tag","embeddable":true,"href":"https:\/\/cjnrb.fr\/cjnrb_fr\/wp-json\/wp\/v2\/tags?post=3702"}],"curies":[{"name":"wp","href":"https:\/\/api.w.org\/{rel}","templated":true}]}}