{"id":3688,"date":"2015-10-02T14:06:48","date_gmt":"2015-10-02T12:06:48","guid":{"rendered":"http:\/\/cjnrb.fr\/cjnrb_fr\/?p=3688"},"modified":"2018-11-02T14:09:38","modified_gmt":"2018-11-02T13:09:38","slug":"vacances-artistiques-festival-de-piano-albion","status":"publish","type":"post","link":"https:\/\/cjnrb.fr\/cjnrb_fr\/vacances-artistiques-festival-de-piano-albion\/","title":{"rendered":"Vacances Artistiques &#8211; Festival de Piano Albion"},"content":{"rendered":"<blockquote><p><strong>4\u00e8me ann\u00e9e de participation pour l&rsquo;Ecole de Musique de Bailly-Noisy le Roi au festival de piano d&rsquo;Albion.<\/strong><\/p><\/blockquote>\n<p>Pendant les vacances de la Toussaint, 8 \u00e9l\u00e8ves de 11 \u00e017 ans, accompagn\u00e9s de leurs \u00ab\u00a0coach\u00a0\u00bb Sophie AUROY et moi-m\u00eame, ont eu le privil\u00e8ge de participer \u00e0 ce prestigieux festival.<\/p>\n<p>A la grande joie des enfants, nous avions organis\u00e9 cette ann\u00e9e une escale \u00e0 CHICAGO avant le concours. Quel bonheur de d\u00e9couvrir cette ville splendide !<br \/>\nVisite de l&rsquo;Art Institute (un des plus beaux mus\u00e9e au monde), du Centre Culturel, du Mus\u00e9e des Sciences et de l&rsquo;Industrie. Promenade en bateau sur les rivi\u00e8res de Chicago, d\u00e9couverte de 2 gratte-ciel ; au 103\u00e8me \u00e9tage du \u00ab\u00a0Skydeck\u00a0\u00bb, nous \u00e9tions \u00absuspendus\u00a0\u00bb dans une cabine de verre \u00e0 412 m du sol. Tr\u00e8s impressionnant!<\/p>\n<p>Enchant\u00e9s de cette escapade, nous arrivions \u00e0 ALBION.<br \/>\nChaleureusement accueillis par nos familles am\u00e9ricaines, nos jeunes ont pu b\u00e9n\u00e9ficier d&rsquo;une journ\u00e9e d&rsquo;immersion compl\u00e8te \u00e0 l&rsquo;\u00e9cole. Invit\u00e9s au cours de Diane GUENIN LELLE,professeur de fran\u00e7ais \u00e0 l&rsquo;universit\u00e9 et copr\u00e9sidente du comit\u00e9 de jumelage avec Mary SLATER,ils ont pu converser avec de jeunes \u00e9tudiants am\u00e9ricains. Ils n&rsquo;oublieront pas non plus leur promenade, initi\u00e9e par Marie MACONE, en camion de pompiers dans les rues d&rsquo;Albion!<br \/>\nR\u00e9p\u00e9tition g\u00e9n\u00e9rale sous forme de \u00ab\u00a0petit concert\u00a0\u00bbchez Gail et Rob REED, suivi d&rsquo;une \u00ab\u00a0Cr\u00eapes party\u00a0\u00bb fort sympathique!<\/p>\n<p>Le festival d\u00e9butait par 2 magnifiques concerts: l\u2019un donn\u00e9 par les laur\u00e9ats pianistes de l&rsquo;universit\u00e9 avec leurs Ma\u00eetres David ABBOTT et Lia JENSEN ABBOTT, le 2\u00e8me par le merveilleux pianiste Andrew WILLIS, membre du jury aux c\u00f4t\u00e9s de Nelita TRUE et Andrew Mc BRIDE SMITH.<\/p>\n<p>Les enfants ont ensuite concouru dans l&rsquo;impressionnante salle de concert de l\u2019universit\u00e9 (1000 places).2 pi\u00e8ces de style diff\u00e9rent leur ont permis de r\u00e9v\u00e9ler tout leur talent!<\/p>\n<p>Quel merveilleux challenge. Que d&rsquo;\u00e9mulation et de progr\u00e8s!<\/p>\n<p>Dans les cat\u00e9gories respectivement \u00ab\u00a0late beginner\u00a0\u00bb et \u00ab\u00a0early intermediate\u00a0\u00bb,Coraline KATHRADA et Lola VILLEMIN ont obtenu un 1er prix, Apolline BERSAGOL et Gr\u00e9goire LOVERGNE un 3\u00e8me prix, Cl\u00e9mence GAMARD et Nicolas GAMARD une mention honorable.<br \/>\nApr\u00e8s leur prestation, les pianistes rejouaient au r\u00e9cital des \u00ab\u00a0winners\u00a0\u00bb.<br \/>\nAubane PASTUZAK et Astrid GANSWINDT, tout comme leurs camarades m\u00e9ritent nos vives f\u00e9licitations.<br \/>\nGr\u00e2ce \u00e0 la \u00ab\u00a0master class\u00a0\u00bb qui suivait, les \u00e9l\u00e8ves ont encore affin\u00e9 leur interpr\u00e9tation.<\/p>\n<p>Nous esp\u00e9rons vivement que ce merveilleux \u00e9change avec notre ville jumelle perdurera !<\/p>\n<p>Remerciements sinc\u00e8res \u00e0 nos amis am\u00e9ricains sp\u00e9cialement Gail, notre Grande Organisatrice, \u00e0 l&rsquo;Ecole de Musique, au Comit\u00e9 de Jumelage sans lesquels rien ne serait possible et aux parents qui encouragent leurs enfants dans cet effort avec enthousiasme.<\/p>\n<p>&nbsp;<\/p>\n<p style=\"text-align: right;\"><strong>Nathalie RODE ESTELLES<\/strong><br \/>\nProfesseur de piano \u00e0 l&rsquo;\u00e9cole de musique de Bailly-Noisy le Roi<\/p>\n\n\t\t<style type=\"text\/css\">\n\t\t\t#gallery-1 {\n\t\t\t\tmargin: auto;\n\t\t\t}\n\t\t\t#gallery-1 .gallery-item {\n\t\t\t\tfloat: left;\n\t\t\t\tmargin-top: 10px;\n\t\t\t\ttext-align: center;\n\t\t\t\twidth: 12%;\n\t\t\t}\n\t\t\t#gallery-1 img {\n\t\t\t\tborder: 2px solid #cfcfcf;\n\t\t\t}\n\t\t\t#gallery-1 .gallery-caption {\n\t\t\t\tmargin-left: 0;\n\t\t\t}\n\t\t\t\/* see gallery_shortcode() in wp-includes\/media.php *\/\n\t\t<\/style>\n\t\t<div id='gallery-1' class='gallery galleryid-3688 gallery-columns-8 gallery-size-thumbnail'><dl class='gallery-item'>\n\t\t\t<dt class='gallery-icon landscape'>\n\t\t\t\t<a href='https:\/\/cjnrb.fr\/cjnrb_fr\/wp-content\/uploads\/2018\/11\/cid_3A4F42AC-FFF2-4A31-A79E-B16C2309411Ffestivalpianoalbion2015.jpg'><img width=\"80\" height=\"80\" src=\"https:\/\/cjnrb.fr\/cjnrb_fr\/wp-content\/uploads\/2018\/11\/cid_3A4F42AC-FFF2-4A31-A79E-B16C2309411Ffestivalpianoalbion2015-80x80.jpg\" class=\"attachment-thumbnail size-thumbnail\" alt=\"\" loading=\"lazy\" srcset=\"https:\/\/cjnrb.fr\/cjnrb_fr\/wp-content\/uploads\/2018\/11\/cid_3A4F42AC-FFF2-4A31-A79E-B16C2309411Ffestivalpianoalbion2015-80x80.jpg 80w, https:\/\/cjnrb.fr\/cjnrb_fr\/wp-content\/uploads\/2018\/11\/cid_3A4F42AC-FFF2-4A31-A79E-B16C2309411Ffestivalpianoalbion2015-36x36.jpg 36w, https:\/\/cjnrb.fr\/cjnrb_fr\/wp-content\/uploads\/2018\/11\/cid_3A4F42AC-FFF2-4A31-A79E-B16C2309411Ffestivalpianoalbion2015-180x180.jpg 180w, https:\/\/cjnrb.fr\/cjnrb_fr\/wp-content\/uploads\/2018\/11\/cid_3A4F42AC-FFF2-4A31-A79E-B16C2309411Ffestivalpianoalbion2015-120x120.jpg 120w\" sizes=\"(max-width: 80px) 100vw, 80px\" \/><\/a>\n\t\t\t<\/dt><\/dl><dl class='gallery-item'>\n\t\t\t<dt class='gallery-icon landscape'>\n\t\t\t\t<a href='https:\/\/cjnrb.fr\/cjnrb_fr\/wp-content\/uploads\/2018\/11\/cid_69B5D425-19E3-4C77-8948-5343CF9B2ED8festivalpianoalbion2015.jpg'><img width=\"80\" height=\"80\" src=\"https:\/\/cjnrb.fr\/cjnrb_fr\/wp-content\/uploads\/2018\/11\/cid_69B5D425-19E3-4C77-8948-5343CF9B2ED8festivalpianoalbion2015-80x80.jpg\" class=\"attachment-thumbnail size-thumbnail\" alt=\"\" loading=\"lazy\" srcset=\"https:\/\/cjnrb.fr\/cjnrb_fr\/wp-content\/uploads\/2018\/11\/cid_69B5D425-19E3-4C77-8948-5343CF9B2ED8festivalpianoalbion2015-80x80.jpg 80w, https:\/\/cjnrb.fr\/cjnrb_fr\/wp-content\/uploads\/2018\/11\/cid_69B5D425-19E3-4C77-8948-5343CF9B2ED8festivalpianoalbion2015-36x36.jpg 36w, https:\/\/cjnrb.fr\/cjnrb_fr\/wp-content\/uploads\/2018\/11\/cid_69B5D425-19E3-4C77-8948-5343CF9B2ED8festivalpianoalbion2015-180x180.jpg 180w, https:\/\/cjnrb.fr\/cjnrb_fr\/wp-content\/uploads\/2018\/11\/cid_69B5D425-19E3-4C77-8948-5343CF9B2ED8festivalpianoalbion2015-120x120.jpg 120w\" sizes=\"(max-width: 80px) 100vw, 80px\" \/><\/a>\n\t\t\t<\/dt><\/dl>\n\t\t\t<br style='clear: both' \/>\n\t\t<\/div>\n\n","protected":false},"excerpt":{"rendered":"<p>4\u00e8me ann\u00e9e de participation pour l&rsquo;Ecole de Musique de Bailly-Noisy le Roi au festival de piano d&rsquo;Albion. Pendant les vacances de la Toussaint, 8 \u00e9l\u00e8ves de 11 \u00e017 ans, accompagn\u00e9s de leurs \u00ab\u00a0coach\u00a0\u00bb Sophie AUROY et moi-m\u00eame, ont eu le privil\u00e8ge de participer \u00e0 ce prestigieux festival. A la grande joie des enfants, nous avions [&hellip;]<\/p>\n","protected":false},"author":1,"featured_media":3690,"comment_status":"closed","ping_status":"open","sticky":false,"template":"","format":"standard","meta":[],"categories":[17],"tags":[],"yoast_head":"<!-- This site is optimized with the Yoast SEO plugin v18.5.1 - https:\/\/yoast.com\/wordpress\/plugins\/seo\/ -->\n<title>Vacances Artistiques - Festival de Piano Albion - Jumelage Noisy le Roi \/ Bailly<\/title>\n<meta name=\"robots\" content=\"index, follow, max-snippet:-1, max-image-preview:large, max-video-preview:-1\" \/>\n<link rel=\"canonical\" href=\"https:\/\/cjnrb.fr\/cjnrb_fr\/vacances-artistiques-festival-de-piano-albion\/\" \/>\n<meta property=\"og:locale\" content=\"fr_FR\" \/>\n<meta property=\"og:type\" content=\"article\" \/>\n<meta property=\"og:title\" content=\"Vacances Artistiques - Festival de Piano Albion - Jumelage Noisy le Roi \/ Bailly\" \/>\n<meta property=\"og:description\" content=\"4\u00e8me ann\u00e9e de participation pour l&rsquo;Ecole de Musique de Bailly-Noisy le Roi au festival de piano d&rsquo;Albion. Pendant les vacances de la Toussaint, 8 \u00e9l\u00e8ves de 11 \u00e017 ans, accompagn\u00e9s de leurs \u00ab\u00a0coach\u00a0\u00bb Sophie AUROY et moi-m\u00eame, ont eu le privil\u00e8ge de participer \u00e0 ce prestigieux festival. A la grande joie des enfants, nous avions [&hellip;]\" \/>\n<meta property=\"og:url\" content=\"https:\/\/cjnrb.fr\/cjnrb_fr\/vacances-artistiques-festival-de-piano-albion\/\" \/>\n<meta property=\"og:site_name\" content=\"Jumelage Noisy le Roi \/ Bailly\" \/>\n<meta property=\"article:published_time\" content=\"2015-10-02T12:06:48+00:00\" \/>\n<meta property=\"article:modified_time\" content=\"2018-11-02T13:09:38+00:00\" \/>\n<meta property=\"og:image\" content=\"https:\/\/cjnrb.fr\/cjnrb_fr\/wp-content\/uploads\/2018\/11\/cid_69B5D425-19E3-4C77-8948-5343CF9B2ED8festivalpianoalbion2015.jpg\" \/>\n\t<meta property=\"og:image:width\" content=\"450\" \/>\n\t<meta property=\"og:image:height\" content=\"300\" \/>\n\t<meta property=\"og:image:type\" content=\"image\/jpeg\" \/>\n<meta name=\"twitter:card\" content=\"summary_large_image\" \/>\n<meta name=\"twitter:label1\" content=\"\u00c9crit par\" \/>\n\t<meta name=\"twitter:data1\" content=\"francois\" \/>\n\t<meta name=\"twitter:label2\" content=\"Dur\u00e9e de lecture estim\u00e9e\" \/>\n\t<meta name=\"twitter:data2\" content=\"2 minutes\" \/>\n<script type=\"application\/ld+json\" class=\"yoast-schema-graph\">{\"@context\":\"https:\/\/schema.org\",\"@graph\":[{\"@type\":\"WebSite\",\"@id\":\"https:\/\/cjnrb.fr\/cjnrb_fr\/#website\",\"url\":\"https:\/\/cjnrb.fr\/cjnrb_fr\/\",\"name\":\"Jumelage Noisy le Roi \/ Bailly\",\"description\":\"\u00e9changes dans les domaines scolaires, culturels, sportifs, \u00e9conomiques et environnementaux avec les villes d\u2019Albion (USA) et Godella (Espagne) \",\"potentialAction\":[{\"@type\":\"SearchAction\",\"target\":{\"@type\":\"EntryPoint\",\"urlTemplate\":\"https:\/\/cjnrb.fr\/cjnrb_fr\/?s={search_term_string}\"},\"query-input\":\"required name=search_term_string\"}],\"inLanguage\":\"fr-FR\"},{\"@type\":\"ImageObject\",\"@id\":\"https:\/\/cjnrb.fr\/cjnrb_fr\/vacances-artistiques-festival-de-piano-albion\/#primaryimage\",\"inLanguage\":\"fr-FR\",\"url\":\"https:\/\/cjnrb.fr\/cjnrb_fr\/wp-content\/uploads\/2018\/11\/cid_69B5D425-19E3-4C77-8948-5343CF9B2ED8festivalpianoalbion2015.jpg\",\"contentUrl\":\"https:\/\/cjnrb.fr\/cjnrb_fr\/wp-content\/uploads\/2018\/11\/cid_69B5D425-19E3-4C77-8948-5343CF9B2ED8festivalpianoalbion2015.jpg\",\"width\":450,\"height\":300},{\"@type\":\"WebPage\",\"@id\":\"https:\/\/cjnrb.fr\/cjnrb_fr\/vacances-artistiques-festival-de-piano-albion\/#webpage\",\"url\":\"https:\/\/cjnrb.fr\/cjnrb_fr\/vacances-artistiques-festival-de-piano-albion\/\",\"name\":\"Vacances Artistiques - Festival de Piano Albion - Jumelage Noisy le Roi \/ Bailly\",\"isPartOf\":{\"@id\":\"https:\/\/cjnrb.fr\/cjnrb_fr\/#website\"},\"primaryImageOfPage\":{\"@id\":\"https:\/\/cjnrb.fr\/cjnrb_fr\/vacances-artistiques-festival-de-piano-albion\/#primaryimage\"},\"datePublished\":\"2015-10-02T12:06:48+00:00\",\"dateModified\":\"2018-11-02T13:09:38+00:00\",\"author\":{\"@id\":\"https:\/\/cjnrb.fr\/cjnrb_fr\/#\/schema\/person\/1d7e5959ede7cd403648c23fbf7a224c\"},\"breadcrumb\":{\"@id\":\"https:\/\/cjnrb.fr\/cjnrb_fr\/vacances-artistiques-festival-de-piano-albion\/#breadcrumb\"},\"inLanguage\":\"fr-FR\",\"potentialAction\":[{\"@type\":\"ReadAction\",\"target\":[\"https:\/\/cjnrb.fr\/cjnrb_fr\/vacances-artistiques-festival-de-piano-albion\/\"]}]},{\"@type\":\"BreadcrumbList\",\"@id\":\"https:\/\/cjnrb.fr\/cjnrb_fr\/vacances-artistiques-festival-de-piano-albion\/#breadcrumb\",\"itemListElement\":[{\"@type\":\"ListItem\",\"position\":1,\"name\":\"Accueil\",\"item\":\"https:\/\/cjnrb.fr\/cjnrb_fr\/\"},{\"@type\":\"ListItem\",\"position\":2,\"name\":\"Vacances Artistiques &#8211; Festival de Piano Albion\"}]},{\"@type\":\"Person\",\"@id\":\"https:\/\/cjnrb.fr\/cjnrb_fr\/#\/schema\/person\/1d7e5959ede7cd403648c23fbf7a224c\",\"name\":\"francois\",\"image\":{\"@type\":\"ImageObject\",\"@id\":\"https:\/\/cjnrb.fr\/cjnrb_fr\/#personlogo\",\"inLanguage\":\"fr-FR\",\"url\":\"https:\/\/secure.gravatar.com\/avatar\/89e31bd17b28c77cebe20b6999903d3a?s=96&d=mm&r=g\",\"contentUrl\":\"https:\/\/secure.gravatar.com\/avatar\/89e31bd17b28c77cebe20b6999903d3a?s=96&d=mm&r=g\",\"caption\":\"francois\"},\"url\":\"https:\/\/cjnrb.fr\/cjnrb_fr\/author\/francois\/\"}]}<\/script>\n<!-- \/ Yoast SEO plugin. -->","yoast_head_json":{"title":"Vacances Artistiques - Festival de Piano Albion - Jumelage Noisy le Roi \/ Bailly","robots":{"index":"index","follow":"follow","max-snippet":"max-snippet:-1","max-image-preview":"max-image-preview:large","max-video-preview":"max-video-preview:-1"},"canonical":"https:\/\/cjnrb.fr\/cjnrb_fr\/vacances-artistiques-festival-de-piano-albion\/","og_locale":"fr_FR","og_type":"article","og_title":"Vacances Artistiques - Festival de Piano Albion - Jumelage Noisy le Roi \/ Bailly","og_description":"4\u00e8me ann\u00e9e de participation pour l&rsquo;Ecole de Musique de Bailly-Noisy le Roi au festival de piano d&rsquo;Albion. Pendant les vacances de la Toussaint, 8 \u00e9l\u00e8ves de 11 \u00e017 ans, accompagn\u00e9s de leurs \u00ab\u00a0coach\u00a0\u00bb Sophie AUROY et moi-m\u00eame, ont eu le privil\u00e8ge de participer \u00e0 ce prestigieux festival. A la grande joie des enfants, nous avions [&hellip;]","og_url":"https:\/\/cjnrb.fr\/cjnrb_fr\/vacances-artistiques-festival-de-piano-albion\/","og_site_name":"Jumelage Noisy le Roi \/ Bailly","article_published_time":"2015-10-02T12:06:48+00:00","article_modified_time":"2018-11-02T13:09:38+00:00","og_image":[{"width":450,"height":300,"url":"https:\/\/cjnrb.fr\/cjnrb_fr\/wp-content\/uploads\/2018\/11\/cid_69B5D425-19E3-4C77-8948-5343CF9B2ED8festivalpianoalbion2015.jpg","type":"image\/jpeg"}],"twitter_card":"summary_large_image","twitter_misc":{"\u00c9crit par":"francois","Dur\u00e9e de lecture estim\u00e9e":"2 minutes"},"schema":{"@context":"https:\/\/schema.org","@graph":[{"@type":"WebSite","@id":"https:\/\/cjnrb.fr\/cjnrb_fr\/#website","url":"https:\/\/cjnrb.fr\/cjnrb_fr\/","name":"Jumelage Noisy le Roi \/ Bailly","description":"\u00e9changes dans les domaines scolaires, culturels, sportifs, \u00e9conomiques et environnementaux avec les villes d\u2019Albion (USA) et Godella (Espagne) ","potentialAction":[{"@type":"SearchAction","target":{"@type":"EntryPoint","urlTemplate":"https:\/\/cjnrb.fr\/cjnrb_fr\/?s={search_term_string}"},"query-input":"required name=search_term_string"}],"inLanguage":"fr-FR"},{"@type":"ImageObject","@id":"https:\/\/cjnrb.fr\/cjnrb_fr\/vacances-artistiques-festival-de-piano-albion\/#primaryimage","inLanguage":"fr-FR","url":"https:\/\/cjnrb.fr\/cjnrb_fr\/wp-content\/uploads\/2018\/11\/cid_69B5D425-19E3-4C77-8948-5343CF9B2ED8festivalpianoalbion2015.jpg","contentUrl":"https:\/\/cjnrb.fr\/cjnrb_fr\/wp-content\/uploads\/2018\/11\/cid_69B5D425-19E3-4C77-8948-5343CF9B2ED8festivalpianoalbion2015.jpg","width":450,"height":300},{"@type":"WebPage","@id":"https:\/\/cjnrb.fr\/cjnrb_fr\/vacances-artistiques-festival-de-piano-albion\/#webpage","url":"https:\/\/cjnrb.fr\/cjnrb_fr\/vacances-artistiques-festival-de-piano-albion\/","name":"Vacances Artistiques - Festival de Piano Albion - Jumelage Noisy le Roi \/ Bailly","isPartOf":{"@id":"https:\/\/cjnrb.fr\/cjnrb_fr\/#website"},"primaryImageOfPage":{"@id":"https:\/\/cjnrb.fr\/cjnrb_fr\/vacances-artistiques-festival-de-piano-albion\/#primaryimage"},"datePublished":"2015-10-02T12:06:48+00:00","dateModified":"2018-11-02T13:09:38+00:00","author":{"@id":"https:\/\/cjnrb.fr\/cjnrb_fr\/#\/schema\/person\/1d7e5959ede7cd403648c23fbf7a224c"},"breadcrumb":{"@id":"https:\/\/cjnrb.fr\/cjnrb_fr\/vacances-artistiques-festival-de-piano-albion\/#breadcrumb"},"inLanguage":"fr-FR","potentialAction":[{"@type":"ReadAction","target":["https:\/\/cjnrb.fr\/cjnrb_fr\/vacances-artistiques-festival-de-piano-albion\/"]}]},{"@type":"BreadcrumbList","@id":"https:\/\/cjnrb.fr\/cjnrb_fr\/vacances-artistiques-festival-de-piano-albion\/#breadcrumb","itemListElement":[{"@type":"ListItem","position":1,"name":"Accueil","item":"https:\/\/cjnrb.fr\/cjnrb_fr\/"},{"@type":"ListItem","position":2,"name":"Vacances Artistiques &#8211; Festival de Piano Albion"}]},{"@type":"Person","@id":"https:\/\/cjnrb.fr\/cjnrb_fr\/#\/schema\/person\/1d7e5959ede7cd403648c23fbf7a224c","name":"francois","image":{"@type":"ImageObject","@id":"https:\/\/cjnrb.fr\/cjnrb_fr\/#personlogo","inLanguage":"fr-FR","url":"https:\/\/secure.gravatar.com\/avatar\/89e31bd17b28c77cebe20b6999903d3a?s=96&d=mm&r=g","contentUrl":"https:\/\/secure.gravatar.com\/avatar\/89e31bd17b28c77cebe20b6999903d3a?s=96&d=mm&r=g","caption":"francois"},"url":"https:\/\/cjnrb.fr\/cjnrb_fr\/author\/francois\/"}]}},"_links":{"self":[{"href":"https:\/\/cjnrb.fr\/cjnrb_fr\/wp-json\/wp\/v2\/posts\/3688"}],"collection":[{"href":"https:\/\/cjnrb.fr\/cjnrb_fr\/wp-json\/wp\/v2\/posts"}],"about":[{"href":"https:\/\/cjnrb.fr\/cjnrb_fr\/wp-json\/wp\/v2\/types\/post"}],"author":[{"embeddable":true,"href":"https:\/\/cjnrb.fr\/cjnrb_fr\/wp-json\/wp\/v2\/users\/1"}],"replies":[{"embeddable":true,"href":"https:\/\/cjnrb.fr\/cjnrb_fr\/wp-json\/wp\/v2\/comments?post=3688"}],"version-history":[{"count":2,"href":"https:\/\/cjnrb.fr\/cjnrb_fr\/wp-json\/wp\/v2\/posts\/3688\/revisions"}],"predecessor-version":[{"id":3692,"href":"https:\/\/cjnrb.fr\/cjnrb_fr\/wp-json\/wp\/v2\/posts\/3688\/revisions\/3692"}],"wp:featuredmedia":[{"embeddable":true,"href":"https:\/\/cjnrb.fr\/cjnrb_fr\/wp-json\/wp\/v2\/media\/3690"}],"wp:attachment":[{"href":"https:\/\/cjnrb.fr\/cjnrb_fr\/wp-json\/wp\/v2\/media?parent=3688"}],"wp:term":[{"taxonomy":"category","embeddable":true,"href":"https:\/\/cjnrb.fr\/cjnrb_fr\/wp-json\/wp\/v2\/categories?post=3688"},{"taxonomy":"post_tag","embeddable":true,"href":"https:\/\/cjnrb.fr\/cjnrb_fr\/wp-json\/wp\/v2\/tags?post=3688"}],"curies":[{"name":"wp","href":"https:\/\/api.w.org\/{rel}","templated":true}]}}