{"id":3683,"date":"2015-07-02T14:03:14","date_gmt":"2015-07-02T12:03:14","guid":{"rendered":"http:\/\/cjnrb.fr\/cjnrb_fr\/?p=3683"},"modified":"2018-11-02T14:05:45","modified_gmt":"2018-11-02T13:05:45","slug":"camp-sportif-a-noisy-le-roi-bailly","status":"publish","type":"post","link":"https:\/\/cjnrb.fr\/cjnrb_fr\/camp-sportif-a-noisy-le-roi-bailly\/","title":{"rendered":"Camp sportif \u00e0 Noisy le Roi-Bailly"},"content":{"rendered":"<blockquote><p><strong>D\u00e9but juillet, nous avons accueilli quatre jeunes de Godella, notre ville jumel\u00e9e, et quatre jeunes d\u2019Antura au Liban, ville avec laquelle Bailly et Noisy le Roi ont sign\u00e9 une convention de coop\u00e9ration d\u00e9centralis\u00e9e. Ils furent h\u00e9berg\u00e9s dans des familles, tous les jeunes ont particip\u00e9 aux activit\u00e9s propos\u00e9es pendant cette semaine\u00a0:<\/strong><\/p><\/blockquote>\n<p>Du sport avec Matthieu P\u00e9pin et Christelle Sturtzer\u00a0: Hockey, Dodgeball, renforcement musculaire en int\u00e9rieur, Flag Rugby, course d\u2019orientaion, Ultimate et tournois de Foot en ext\u00e9rieur.<br \/>\nUne visite du ch\u00e2teau de Versailles et une journ\u00e9e \u00e0 Paris ont compl\u00e9t\u00e9 cette semaine marqu\u00e9e par une forte chaleur climatique.<br \/>\nDes m\u00e9dailles ont r\u00e9compens\u00e9 les sportifs, un barbecue a rassembl\u00e9 les organisateurs, les accompagnateurs ,les familles d\u2019accueil et tous les jeunes. Un grand merci \u00e0 tous.<\/p>\n","protected":false},"excerpt":{"rendered":"<p>D\u00e9but juillet, nous avons accueilli quatre jeunes de Godella, notre ville jumel\u00e9e, et quatre jeunes d\u2019Antura au Liban, ville avec laquelle Bailly et Noisy le Roi ont sign\u00e9 une convention de coop\u00e9ration d\u00e9centralis\u00e9e. Ils furent h\u00e9berg\u00e9s dans des familles, tous les jeunes ont particip\u00e9 aux activit\u00e9s propos\u00e9es pendant cette semaine\u00a0: Du sport avec Matthieu P\u00e9pin [&hellip;]<\/p>\n","protected":false},"author":1,"featured_media":3686,"comment_status":"closed","ping_status":"open","sticky":false,"template":"","format":"standard","meta":[],"categories":[17],"tags":[],"yoast_head":"<!-- This site is optimized with the Yoast SEO plugin v18.5.1 - https:\/\/yoast.com\/wordpress\/plugins\/seo\/ -->\n<title>Camp sportif \u00e0 Noisy le Roi-Bailly - Jumelage Noisy le Roi \/ Bailly<\/title>\n<meta name=\"robots\" content=\"index, follow, max-snippet:-1, max-image-preview:large, max-video-preview:-1\" \/>\n<link rel=\"canonical\" href=\"https:\/\/cjnrb.fr\/cjnrb_fr\/camp-sportif-a-noisy-le-roi-bailly\/\" \/>\n<meta property=\"og:locale\" content=\"fr_FR\" \/>\n<meta property=\"og:type\" content=\"article\" \/>\n<meta property=\"og:title\" content=\"Camp sportif \u00e0 Noisy le Roi-Bailly - Jumelage Noisy le Roi \/ Bailly\" \/>\n<meta property=\"og:description\" content=\"D\u00e9but juillet, nous avons accueilli quatre jeunes de Godella, notre ville jumel\u00e9e, et quatre jeunes d\u2019Antura au Liban, ville avec laquelle Bailly et Noisy le Roi ont sign\u00e9 une convention de coop\u00e9ration d\u00e9centralis\u00e9e. Ils furent h\u00e9berg\u00e9s dans des familles, tous les jeunes ont particip\u00e9 aux activit\u00e9s propos\u00e9es pendant cette semaine\u00a0: Du sport avec Matthieu P\u00e9pin [&hellip;]\" \/>\n<meta property=\"og:url\" content=\"https:\/\/cjnrb.fr\/cjnrb_fr\/camp-sportif-a-noisy-le-roi-bailly\/\" \/>\n<meta property=\"og:site_name\" content=\"Jumelage Noisy le Roi \/ Bailly\" \/>\n<meta property=\"article:published_time\" content=\"2015-07-02T12:03:14+00:00\" \/>\n<meta property=\"article:modified_time\" content=\"2018-11-02T13:05:45+00:00\" \/>\n<meta property=\"og:image\" content=\"https:\/\/cjnrb.fr\/cjnrb_fr\/wp-content\/uploads\/2015\/07\/camp.jpg\" \/>\n\t<meta property=\"og:image:width\" content=\"225\" \/>\n\t<meta property=\"og:image:height\" content=\"150\" \/>\n\t<meta property=\"og:image:type\" content=\"image\/jpeg\" \/>\n<meta name=\"twitter:card\" content=\"summary_large_image\" \/>\n<meta name=\"twitter:label1\" content=\"\u00c9crit par\" \/>\n\t<meta name=\"twitter:data1\" content=\"francois\" \/>\n\t<meta name=\"twitter:label2\" content=\"Dur\u00e9e de lecture estim\u00e9e\" \/>\n\t<meta name=\"twitter:data2\" content=\"1 minute\" \/>\n<script type=\"application\/ld+json\" class=\"yoast-schema-graph\">{\"@context\":\"https:\/\/schema.org\",\"@graph\":[{\"@type\":\"WebSite\",\"@id\":\"https:\/\/cjnrb.fr\/cjnrb_fr\/#website\",\"url\":\"https:\/\/cjnrb.fr\/cjnrb_fr\/\",\"name\":\"Jumelage Noisy le Roi \/ Bailly\",\"description\":\"\u00e9changes dans les domaines scolaires, culturels, sportifs, \u00e9conomiques et environnementaux avec les villes d\u2019Albion (USA) et Godella (Espagne) \",\"potentialAction\":[{\"@type\":\"SearchAction\",\"target\":{\"@type\":\"EntryPoint\",\"urlTemplate\":\"https:\/\/cjnrb.fr\/cjnrb_fr\/?s={search_term_string}\"},\"query-input\":\"required name=search_term_string\"}],\"inLanguage\":\"fr-FR\"},{\"@type\":\"ImageObject\",\"@id\":\"https:\/\/cjnrb.fr\/cjnrb_fr\/camp-sportif-a-noisy-le-roi-bailly\/#primaryimage\",\"inLanguage\":\"fr-FR\",\"url\":\"https:\/\/cjnrb.fr\/cjnrb_fr\/wp-content\/uploads\/2015\/07\/camp.jpg\",\"contentUrl\":\"https:\/\/cjnrb.fr\/cjnrb_fr\/wp-content\/uploads\/2015\/07\/camp.jpg\",\"width\":225,\"height\":150},{\"@type\":\"WebPage\",\"@id\":\"https:\/\/cjnrb.fr\/cjnrb_fr\/camp-sportif-a-noisy-le-roi-bailly\/#webpage\",\"url\":\"https:\/\/cjnrb.fr\/cjnrb_fr\/camp-sportif-a-noisy-le-roi-bailly\/\",\"name\":\"Camp sportif \u00e0 Noisy le Roi-Bailly - Jumelage Noisy le Roi \/ Bailly\",\"isPartOf\":{\"@id\":\"https:\/\/cjnrb.fr\/cjnrb_fr\/#website\"},\"primaryImageOfPage\":{\"@id\":\"https:\/\/cjnrb.fr\/cjnrb_fr\/camp-sportif-a-noisy-le-roi-bailly\/#primaryimage\"},\"datePublished\":\"2015-07-02T12:03:14+00:00\",\"dateModified\":\"2018-11-02T13:05:45+00:00\",\"author\":{\"@id\":\"https:\/\/cjnrb.fr\/cjnrb_fr\/#\/schema\/person\/1d7e5959ede7cd403648c23fbf7a224c\"},\"breadcrumb\":{\"@id\":\"https:\/\/cjnrb.fr\/cjnrb_fr\/camp-sportif-a-noisy-le-roi-bailly\/#breadcrumb\"},\"inLanguage\":\"fr-FR\",\"potentialAction\":[{\"@type\":\"ReadAction\",\"target\":[\"https:\/\/cjnrb.fr\/cjnrb_fr\/camp-sportif-a-noisy-le-roi-bailly\/\"]}]},{\"@type\":\"BreadcrumbList\",\"@id\":\"https:\/\/cjnrb.fr\/cjnrb_fr\/camp-sportif-a-noisy-le-roi-bailly\/#breadcrumb\",\"itemListElement\":[{\"@type\":\"ListItem\",\"position\":1,\"name\":\"Accueil\",\"item\":\"https:\/\/cjnrb.fr\/cjnrb_fr\/\"},{\"@type\":\"ListItem\",\"position\":2,\"name\":\"Camp sportif \u00e0 Noisy le Roi-Bailly\"}]},{\"@type\":\"Person\",\"@id\":\"https:\/\/cjnrb.fr\/cjnrb_fr\/#\/schema\/person\/1d7e5959ede7cd403648c23fbf7a224c\",\"name\":\"francois\",\"image\":{\"@type\":\"ImageObject\",\"@id\":\"https:\/\/cjnrb.fr\/cjnrb_fr\/#personlogo\",\"inLanguage\":\"fr-FR\",\"url\":\"https:\/\/secure.gravatar.com\/avatar\/89e31bd17b28c77cebe20b6999903d3a?s=96&d=mm&r=g\",\"contentUrl\":\"https:\/\/secure.gravatar.com\/avatar\/89e31bd17b28c77cebe20b6999903d3a?s=96&d=mm&r=g\",\"caption\":\"francois\"},\"url\":\"https:\/\/cjnrb.fr\/cjnrb_fr\/author\/francois\/\"}]}<\/script>\n<!-- \/ Yoast SEO plugin. -->","yoast_head_json":{"title":"Camp sportif \u00e0 Noisy le Roi-Bailly - Jumelage Noisy le Roi \/ Bailly","robots":{"index":"index","follow":"follow","max-snippet":"max-snippet:-1","max-image-preview":"max-image-preview:large","max-video-preview":"max-video-preview:-1"},"canonical":"https:\/\/cjnrb.fr\/cjnrb_fr\/camp-sportif-a-noisy-le-roi-bailly\/","og_locale":"fr_FR","og_type":"article","og_title":"Camp sportif \u00e0 Noisy le Roi-Bailly - Jumelage Noisy le Roi \/ Bailly","og_description":"D\u00e9but juillet, nous avons accueilli quatre jeunes de Godella, notre ville jumel\u00e9e, et quatre jeunes d\u2019Antura au Liban, ville avec laquelle Bailly et Noisy le Roi ont sign\u00e9 une convention de coop\u00e9ration d\u00e9centralis\u00e9e. Ils furent h\u00e9berg\u00e9s dans des familles, tous les jeunes ont particip\u00e9 aux activit\u00e9s propos\u00e9es pendant cette semaine\u00a0: Du sport avec Matthieu P\u00e9pin [&hellip;]","og_url":"https:\/\/cjnrb.fr\/cjnrb_fr\/camp-sportif-a-noisy-le-roi-bailly\/","og_site_name":"Jumelage Noisy le Roi \/ Bailly","article_published_time":"2015-07-02T12:03:14+00:00","article_modified_time":"2018-11-02T13:05:45+00:00","og_image":[{"width":225,"height":150,"url":"https:\/\/cjnrb.fr\/cjnrb_fr\/wp-content\/uploads\/2015\/07\/camp.jpg","type":"image\/jpeg"}],"twitter_card":"summary_large_image","twitter_misc":{"\u00c9crit par":"francois","Dur\u00e9e de lecture estim\u00e9e":"1 minute"},"schema":{"@context":"https:\/\/schema.org","@graph":[{"@type":"WebSite","@id":"https:\/\/cjnrb.fr\/cjnrb_fr\/#website","url":"https:\/\/cjnrb.fr\/cjnrb_fr\/","name":"Jumelage Noisy le Roi \/ Bailly","description":"\u00e9changes dans les domaines scolaires, culturels, sportifs, \u00e9conomiques et environnementaux avec les villes d\u2019Albion (USA) et Godella (Espagne) ","potentialAction":[{"@type":"SearchAction","target":{"@type":"EntryPoint","urlTemplate":"https:\/\/cjnrb.fr\/cjnrb_fr\/?s={search_term_string}"},"query-input":"required name=search_term_string"}],"inLanguage":"fr-FR"},{"@type":"ImageObject","@id":"https:\/\/cjnrb.fr\/cjnrb_fr\/camp-sportif-a-noisy-le-roi-bailly\/#primaryimage","inLanguage":"fr-FR","url":"https:\/\/cjnrb.fr\/cjnrb_fr\/wp-content\/uploads\/2015\/07\/camp.jpg","contentUrl":"https:\/\/cjnrb.fr\/cjnrb_fr\/wp-content\/uploads\/2015\/07\/camp.jpg","width":225,"height":150},{"@type":"WebPage","@id":"https:\/\/cjnrb.fr\/cjnrb_fr\/camp-sportif-a-noisy-le-roi-bailly\/#webpage","url":"https:\/\/cjnrb.fr\/cjnrb_fr\/camp-sportif-a-noisy-le-roi-bailly\/","name":"Camp sportif \u00e0 Noisy le Roi-Bailly - Jumelage Noisy le Roi \/ Bailly","isPartOf":{"@id":"https:\/\/cjnrb.fr\/cjnrb_fr\/#website"},"primaryImageOfPage":{"@id":"https:\/\/cjnrb.fr\/cjnrb_fr\/camp-sportif-a-noisy-le-roi-bailly\/#primaryimage"},"datePublished":"2015-07-02T12:03:14+00:00","dateModified":"2018-11-02T13:05:45+00:00","author":{"@id":"https:\/\/cjnrb.fr\/cjnrb_fr\/#\/schema\/person\/1d7e5959ede7cd403648c23fbf7a224c"},"breadcrumb":{"@id":"https:\/\/cjnrb.fr\/cjnrb_fr\/camp-sportif-a-noisy-le-roi-bailly\/#breadcrumb"},"inLanguage":"fr-FR","potentialAction":[{"@type":"ReadAction","target":["https:\/\/cjnrb.fr\/cjnrb_fr\/camp-sportif-a-noisy-le-roi-bailly\/"]}]},{"@type":"BreadcrumbList","@id":"https:\/\/cjnrb.fr\/cjnrb_fr\/camp-sportif-a-noisy-le-roi-bailly\/#breadcrumb","itemListElement":[{"@type":"ListItem","position":1,"name":"Accueil","item":"https:\/\/cjnrb.fr\/cjnrb_fr\/"},{"@type":"ListItem","position":2,"name":"Camp sportif \u00e0 Noisy le Roi-Bailly"}]},{"@type":"Person","@id":"https:\/\/cjnrb.fr\/cjnrb_fr\/#\/schema\/person\/1d7e5959ede7cd403648c23fbf7a224c","name":"francois","image":{"@type":"ImageObject","@id":"https:\/\/cjnrb.fr\/cjnrb_fr\/#personlogo","inLanguage":"fr-FR","url":"https:\/\/secure.gravatar.com\/avatar\/89e31bd17b28c77cebe20b6999903d3a?s=96&d=mm&r=g","contentUrl":"https:\/\/secure.gravatar.com\/avatar\/89e31bd17b28c77cebe20b6999903d3a?s=96&d=mm&r=g","caption":"francois"},"url":"https:\/\/cjnrb.fr\/cjnrb_fr\/author\/francois\/"}]}},"_links":{"self":[{"href":"https:\/\/cjnrb.fr\/cjnrb_fr\/wp-json\/wp\/v2\/posts\/3683"}],"collection":[{"href":"https:\/\/cjnrb.fr\/cjnrb_fr\/wp-json\/wp\/v2\/posts"}],"about":[{"href":"https:\/\/cjnrb.fr\/cjnrb_fr\/wp-json\/wp\/v2\/types\/post"}],"author":[{"embeddable":true,"href":"https:\/\/cjnrb.fr\/cjnrb_fr\/wp-json\/wp\/v2\/users\/1"}],"replies":[{"embeddable":true,"href":"https:\/\/cjnrb.fr\/cjnrb_fr\/wp-json\/wp\/v2\/comments?post=3683"}],"version-history":[{"count":2,"href":"https:\/\/cjnrb.fr\/cjnrb_fr\/wp-json\/wp\/v2\/posts\/3683\/revisions"}],"predecessor-version":[{"id":3687,"href":"https:\/\/cjnrb.fr\/cjnrb_fr\/wp-json\/wp\/v2\/posts\/3683\/revisions\/3687"}],"wp:featuredmedia":[{"embeddable":true,"href":"https:\/\/cjnrb.fr\/cjnrb_fr\/wp-json\/wp\/v2\/media\/3686"}],"wp:attachment":[{"href":"https:\/\/cjnrb.fr\/cjnrb_fr\/wp-json\/wp\/v2\/media?parent=3683"}],"wp:term":[{"taxonomy":"category","embeddable":true,"href":"https:\/\/cjnrb.fr\/cjnrb_fr\/wp-json\/wp\/v2\/categories?post=3683"},{"taxonomy":"post_tag","embeddable":true,"href":"https:\/\/cjnrb.fr\/cjnrb_fr\/wp-json\/wp\/v2\/tags?post=3683"}],"curies":[{"name":"wp","href":"https:\/\/api.w.org\/{rel}","templated":true}]}}