{"id":3423,"date":"2011-01-16T00:04:15","date_gmt":"2011-01-15T23:04:15","guid":{"rendered":"http:\/\/cjnrb.fr\/cjnrb_fr\/?p=3423"},"modified":"2018-11-02T00:06:56","modified_gmt":"2018-11-01T23:06:56","slug":"sejour-des-etudiants-dalbion-college","status":"publish","type":"post","link":"https:\/\/cjnrb.fr\/cjnrb_fr\/sejour-des-etudiants-dalbion-college\/","title":{"rendered":"S\u00e9jour des \u00e9tudiants d&rsquo;Albion College"},"content":{"rendered":"<blockquote><p><strong>Pour la deuxi\u00e8me ann\u00e9e cons\u00e9cutive nous avons accueilli, du 2 au 15 janvier, cinq \u00e9tudiants d&rsquo;Albion College se destinant au professorat accompagn\u00e9s d&rsquo;un professeur \u00e0 la retraite.<\/strong><br \/>\n<strong>Le but de ce s\u00e9jour \u00e9tait, pour ces jeunes, de comprendre et d&rsquo;\u00e9tudier le syst\u00e8me \u00e9ducatif Fran\u00e7ais.<\/strong><\/p><\/blockquote>\n<p>Leur s\u00e9jour, organis\u00e9 par Alain Gille, Principal du Coll\u00e8ge J.B. de La Quintinie, a \u00e9t\u00e9 dense et enrichissant. Ils ont particip\u00e9 aux activit\u00e9s du Coll\u00e8ge, au niveau de l&rsquo;enseignement de l&rsquo;Anglais et visit\u00e9 un certain nombre d&rsquo;\u00e9tablissements tel que le Lyc\u00e9e Corneille \u00e0 la Celle Saint Cloud, le Lyc\u00e9e technologique L\u00e9onard de Vinci \u00e0 St Germain en Laye, le Lyc\u00e9e H\u00f4telier \u00e0 Guyancourt, le Lyc\u00e9e international \u00e0 St Germain en Laye et enfin l&rsquo;Universit\u00e9 de Versailles St Quentin avec laquelle Albion College a un partenariat.<br \/>\nCe s\u00e9jour d&rsquo;\u00e9tude, entrecoup\u00e9 de visites touristiques \u00e0 Paris et Versailles, se termina le vendredi 14 janvier par un d\u00eener bien sympathique r\u00e9unissant les \u00e9tudiants et les familles d&rsquo;accueil que nous remercions vivement pour leur hospitalit\u00e9 pendant ces 15 jours.<\/p>\n","protected":false},"excerpt":{"rendered":"<p>Pour la deuxi\u00e8me ann\u00e9e cons\u00e9cutive nous avons accueilli, du 2 au 15 janvier, cinq \u00e9tudiants d&rsquo;Albion College se destinant au professorat accompagn\u00e9s d&rsquo;un professeur \u00e0 la retraite. Le but de ce s\u00e9jour \u00e9tait, pour ces jeunes, de comprendre et d&rsquo;\u00e9tudier le syst\u00e8me \u00e9ducatif Fran\u00e7ais. Leur s\u00e9jour, organis\u00e9 par Alain Gille, Principal du Coll\u00e8ge J.B. de [&hellip;]<\/p>\n","protected":false},"author":1,"featured_media":3424,"comment_status":"closed","ping_status":"open","sticky":false,"template":"","format":"standard","meta":[],"categories":[17],"tags":[],"yoast_head":"<!-- This site is optimized with the Yoast SEO plugin v18.5.1 - https:\/\/yoast.com\/wordpress\/plugins\/seo\/ -->\n<title>S\u00e9jour des \u00e9tudiants d&#039;Albion College - Jumelage Noisy le Roi \/ Bailly<\/title>\n<meta name=\"robots\" content=\"index, follow, max-snippet:-1, max-image-preview:large, max-video-preview:-1\" \/>\n<link rel=\"canonical\" href=\"https:\/\/cjnrb.fr\/cjnrb_fr\/sejour-des-etudiants-dalbion-college\/\" \/>\n<meta property=\"og:locale\" content=\"fr_FR\" \/>\n<meta property=\"og:type\" content=\"article\" \/>\n<meta property=\"og:title\" content=\"S\u00e9jour des \u00e9tudiants d&#039;Albion College - Jumelage Noisy le Roi \/ Bailly\" \/>\n<meta property=\"og:description\" content=\"Pour la deuxi\u00e8me ann\u00e9e cons\u00e9cutive nous avons accueilli, du 2 au 15 janvier, cinq \u00e9tudiants d&rsquo;Albion College se destinant au professorat accompagn\u00e9s d&rsquo;un professeur \u00e0 la retraite. Le but de ce s\u00e9jour \u00e9tait, pour ces jeunes, de comprendre et d&rsquo;\u00e9tudier le syst\u00e8me \u00e9ducatif Fran\u00e7ais. Leur s\u00e9jour, organis\u00e9 par Alain Gille, Principal du Coll\u00e8ge J.B. de [&hellip;]\" \/>\n<meta property=\"og:url\" content=\"https:\/\/cjnrb.fr\/cjnrb_fr\/sejour-des-etudiants-dalbion-college\/\" \/>\n<meta property=\"og:site_name\" content=\"Jumelage Noisy le Roi \/ Bailly\" \/>\n<meta property=\"article:published_time\" content=\"2011-01-15T23:04:15+00:00\" \/>\n<meta property=\"article:modified_time\" content=\"2018-11-01T23:06:56+00:00\" \/>\n<meta property=\"og:image\" content=\"https:\/\/cjnrb.fr\/cjnrb_fr\/wp-content\/uploads\/2018\/11\/S\u00e9jour-des-\u00e9tudiants-dAlbion.jpg\" \/>\n\t<meta property=\"og:image:width\" content=\"150\" \/>\n\t<meta property=\"og:image:height\" content=\"100\" \/>\n\t<meta property=\"og:image:type\" content=\"image\/jpeg\" \/>\n<meta name=\"twitter:card\" content=\"summary_large_image\" \/>\n<meta name=\"twitter:label1\" content=\"\u00c9crit par\" \/>\n\t<meta name=\"twitter:data1\" content=\"francois\" \/>\n\t<meta name=\"twitter:label2\" content=\"Dur\u00e9e de lecture estim\u00e9e\" \/>\n\t<meta name=\"twitter:data2\" content=\"1 minute\" \/>\n<script type=\"application\/ld+json\" class=\"yoast-schema-graph\">{\"@context\":\"https:\/\/schema.org\",\"@graph\":[{\"@type\":\"WebSite\",\"@id\":\"https:\/\/cjnrb.fr\/cjnrb_fr\/#website\",\"url\":\"https:\/\/cjnrb.fr\/cjnrb_fr\/\",\"name\":\"Jumelage Noisy le Roi \/ Bailly\",\"description\":\"\u00e9changes dans les domaines scolaires, culturels, sportifs, \u00e9conomiques et environnementaux avec les villes d\u2019Albion (USA) et Godella (Espagne) \",\"potentialAction\":[{\"@type\":\"SearchAction\",\"target\":{\"@type\":\"EntryPoint\",\"urlTemplate\":\"https:\/\/cjnrb.fr\/cjnrb_fr\/?s={search_term_string}\"},\"query-input\":\"required name=search_term_string\"}],\"inLanguage\":\"fr-FR\"},{\"@type\":\"ImageObject\",\"@id\":\"https:\/\/cjnrb.fr\/cjnrb_fr\/sejour-des-etudiants-dalbion-college\/#primaryimage\",\"inLanguage\":\"fr-FR\",\"url\":\"https:\/\/cjnrb.fr\/cjnrb_fr\/wp-content\/uploads\/2018\/11\/S\u00e9jour-des-\u00e9tudiants-dAlbion.jpg\",\"contentUrl\":\"https:\/\/cjnrb.fr\/cjnrb_fr\/wp-content\/uploads\/2018\/11\/S\u00e9jour-des-\u00e9tudiants-dAlbion.jpg\",\"width\":150,\"height\":100},{\"@type\":\"WebPage\",\"@id\":\"https:\/\/cjnrb.fr\/cjnrb_fr\/sejour-des-etudiants-dalbion-college\/#webpage\",\"url\":\"https:\/\/cjnrb.fr\/cjnrb_fr\/sejour-des-etudiants-dalbion-college\/\",\"name\":\"S\u00e9jour des \u00e9tudiants d'Albion College - Jumelage Noisy le Roi \/ Bailly\",\"isPartOf\":{\"@id\":\"https:\/\/cjnrb.fr\/cjnrb_fr\/#website\"},\"primaryImageOfPage\":{\"@id\":\"https:\/\/cjnrb.fr\/cjnrb_fr\/sejour-des-etudiants-dalbion-college\/#primaryimage\"},\"datePublished\":\"2011-01-15T23:04:15+00:00\",\"dateModified\":\"2018-11-01T23:06:56+00:00\",\"author\":{\"@id\":\"https:\/\/cjnrb.fr\/cjnrb_fr\/#\/schema\/person\/1d7e5959ede7cd403648c23fbf7a224c\"},\"breadcrumb\":{\"@id\":\"https:\/\/cjnrb.fr\/cjnrb_fr\/sejour-des-etudiants-dalbion-college\/#breadcrumb\"},\"inLanguage\":\"fr-FR\",\"potentialAction\":[{\"@type\":\"ReadAction\",\"target\":[\"https:\/\/cjnrb.fr\/cjnrb_fr\/sejour-des-etudiants-dalbion-college\/\"]}]},{\"@type\":\"BreadcrumbList\",\"@id\":\"https:\/\/cjnrb.fr\/cjnrb_fr\/sejour-des-etudiants-dalbion-college\/#breadcrumb\",\"itemListElement\":[{\"@type\":\"ListItem\",\"position\":1,\"name\":\"Accueil\",\"item\":\"https:\/\/cjnrb.fr\/cjnrb_fr\/\"},{\"@type\":\"ListItem\",\"position\":2,\"name\":\"S\u00e9jour des \u00e9tudiants d&rsquo;Albion College\"}]},{\"@type\":\"Person\",\"@id\":\"https:\/\/cjnrb.fr\/cjnrb_fr\/#\/schema\/person\/1d7e5959ede7cd403648c23fbf7a224c\",\"name\":\"francois\",\"image\":{\"@type\":\"ImageObject\",\"@id\":\"https:\/\/cjnrb.fr\/cjnrb_fr\/#personlogo\",\"inLanguage\":\"fr-FR\",\"url\":\"https:\/\/secure.gravatar.com\/avatar\/89e31bd17b28c77cebe20b6999903d3a?s=96&d=mm&r=g\",\"contentUrl\":\"https:\/\/secure.gravatar.com\/avatar\/89e31bd17b28c77cebe20b6999903d3a?s=96&d=mm&r=g\",\"caption\":\"francois\"},\"url\":\"https:\/\/cjnrb.fr\/cjnrb_fr\/author\/francois\/\"}]}<\/script>\n<!-- \/ Yoast SEO plugin. -->","yoast_head_json":{"title":"S\u00e9jour des \u00e9tudiants d'Albion College - Jumelage Noisy le Roi \/ Bailly","robots":{"index":"index","follow":"follow","max-snippet":"max-snippet:-1","max-image-preview":"max-image-preview:large","max-video-preview":"max-video-preview:-1"},"canonical":"https:\/\/cjnrb.fr\/cjnrb_fr\/sejour-des-etudiants-dalbion-college\/","og_locale":"fr_FR","og_type":"article","og_title":"S\u00e9jour des \u00e9tudiants d'Albion College - Jumelage Noisy le Roi \/ Bailly","og_description":"Pour la deuxi\u00e8me ann\u00e9e cons\u00e9cutive nous avons accueilli, du 2 au 15 janvier, cinq \u00e9tudiants d&rsquo;Albion College se destinant au professorat accompagn\u00e9s d&rsquo;un professeur \u00e0 la retraite. Le but de ce s\u00e9jour \u00e9tait, pour ces jeunes, de comprendre et d&rsquo;\u00e9tudier le syst\u00e8me \u00e9ducatif Fran\u00e7ais. Leur s\u00e9jour, organis\u00e9 par Alain Gille, Principal du Coll\u00e8ge J.B. de [&hellip;]","og_url":"https:\/\/cjnrb.fr\/cjnrb_fr\/sejour-des-etudiants-dalbion-college\/","og_site_name":"Jumelage Noisy le Roi \/ Bailly","article_published_time":"2011-01-15T23:04:15+00:00","article_modified_time":"2018-11-01T23:06:56+00:00","og_image":[{"width":150,"height":100,"url":"https:\/\/cjnrb.fr\/cjnrb_fr\/wp-content\/uploads\/2018\/11\/S\u00e9jour-des-\u00e9tudiants-dAlbion.jpg","type":"image\/jpeg"}],"twitter_card":"summary_large_image","twitter_misc":{"\u00c9crit par":"francois","Dur\u00e9e de lecture estim\u00e9e":"1 minute"},"schema":{"@context":"https:\/\/schema.org","@graph":[{"@type":"WebSite","@id":"https:\/\/cjnrb.fr\/cjnrb_fr\/#website","url":"https:\/\/cjnrb.fr\/cjnrb_fr\/","name":"Jumelage Noisy le Roi \/ Bailly","description":"\u00e9changes dans les domaines scolaires, culturels, sportifs, \u00e9conomiques et environnementaux avec les villes d\u2019Albion (USA) et Godella (Espagne) ","potentialAction":[{"@type":"SearchAction","target":{"@type":"EntryPoint","urlTemplate":"https:\/\/cjnrb.fr\/cjnrb_fr\/?s={search_term_string}"},"query-input":"required name=search_term_string"}],"inLanguage":"fr-FR"},{"@type":"ImageObject","@id":"https:\/\/cjnrb.fr\/cjnrb_fr\/sejour-des-etudiants-dalbion-college\/#primaryimage","inLanguage":"fr-FR","url":"https:\/\/cjnrb.fr\/cjnrb_fr\/wp-content\/uploads\/2018\/11\/S\u00e9jour-des-\u00e9tudiants-dAlbion.jpg","contentUrl":"https:\/\/cjnrb.fr\/cjnrb_fr\/wp-content\/uploads\/2018\/11\/S\u00e9jour-des-\u00e9tudiants-dAlbion.jpg","width":150,"height":100},{"@type":"WebPage","@id":"https:\/\/cjnrb.fr\/cjnrb_fr\/sejour-des-etudiants-dalbion-college\/#webpage","url":"https:\/\/cjnrb.fr\/cjnrb_fr\/sejour-des-etudiants-dalbion-college\/","name":"S\u00e9jour des \u00e9tudiants d'Albion College - Jumelage Noisy le Roi \/ Bailly","isPartOf":{"@id":"https:\/\/cjnrb.fr\/cjnrb_fr\/#website"},"primaryImageOfPage":{"@id":"https:\/\/cjnrb.fr\/cjnrb_fr\/sejour-des-etudiants-dalbion-college\/#primaryimage"},"datePublished":"2011-01-15T23:04:15+00:00","dateModified":"2018-11-01T23:06:56+00:00","author":{"@id":"https:\/\/cjnrb.fr\/cjnrb_fr\/#\/schema\/person\/1d7e5959ede7cd403648c23fbf7a224c"},"breadcrumb":{"@id":"https:\/\/cjnrb.fr\/cjnrb_fr\/sejour-des-etudiants-dalbion-college\/#breadcrumb"},"inLanguage":"fr-FR","potentialAction":[{"@type":"ReadAction","target":["https:\/\/cjnrb.fr\/cjnrb_fr\/sejour-des-etudiants-dalbion-college\/"]}]},{"@type":"BreadcrumbList","@id":"https:\/\/cjnrb.fr\/cjnrb_fr\/sejour-des-etudiants-dalbion-college\/#breadcrumb","itemListElement":[{"@type":"ListItem","position":1,"name":"Accueil","item":"https:\/\/cjnrb.fr\/cjnrb_fr\/"},{"@type":"ListItem","position":2,"name":"S\u00e9jour des \u00e9tudiants d&rsquo;Albion College"}]},{"@type":"Person","@id":"https:\/\/cjnrb.fr\/cjnrb_fr\/#\/schema\/person\/1d7e5959ede7cd403648c23fbf7a224c","name":"francois","image":{"@type":"ImageObject","@id":"https:\/\/cjnrb.fr\/cjnrb_fr\/#personlogo","inLanguage":"fr-FR","url":"https:\/\/secure.gravatar.com\/avatar\/89e31bd17b28c77cebe20b6999903d3a?s=96&d=mm&r=g","contentUrl":"https:\/\/secure.gravatar.com\/avatar\/89e31bd17b28c77cebe20b6999903d3a?s=96&d=mm&r=g","caption":"francois"},"url":"https:\/\/cjnrb.fr\/cjnrb_fr\/author\/francois\/"}]}},"_links":{"self":[{"href":"https:\/\/cjnrb.fr\/cjnrb_fr\/wp-json\/wp\/v2\/posts\/3423"}],"collection":[{"href":"https:\/\/cjnrb.fr\/cjnrb_fr\/wp-json\/wp\/v2\/posts"}],"about":[{"href":"https:\/\/cjnrb.fr\/cjnrb_fr\/wp-json\/wp\/v2\/types\/post"}],"author":[{"embeddable":true,"href":"https:\/\/cjnrb.fr\/cjnrb_fr\/wp-json\/wp\/v2\/users\/1"}],"replies":[{"embeddable":true,"href":"https:\/\/cjnrb.fr\/cjnrb_fr\/wp-json\/wp\/v2\/comments?post=3423"}],"version-history":[{"count":2,"href":"https:\/\/cjnrb.fr\/cjnrb_fr\/wp-json\/wp\/v2\/posts\/3423\/revisions"}],"predecessor-version":[{"id":3426,"href":"https:\/\/cjnrb.fr\/cjnrb_fr\/wp-json\/wp\/v2\/posts\/3423\/revisions\/3426"}],"wp:featuredmedia":[{"embeddable":true,"href":"https:\/\/cjnrb.fr\/cjnrb_fr\/wp-json\/wp\/v2\/media\/3424"}],"wp:attachment":[{"href":"https:\/\/cjnrb.fr\/cjnrb_fr\/wp-json\/wp\/v2\/media?parent=3423"}],"wp:term":[{"taxonomy":"category","embeddable":true,"href":"https:\/\/cjnrb.fr\/cjnrb_fr\/wp-json\/wp\/v2\/categories?post=3423"},{"taxonomy":"post_tag","embeddable":true,"href":"https:\/\/cjnrb.fr\/cjnrb_fr\/wp-json\/wp\/v2\/tags?post=3423"}],"curies":[{"name":"wp","href":"https:\/\/api.w.org\/{rel}","templated":true}]}}